{"id":259,"date":"2011-08-03T09:49:20","date_gmt":"2011-08-03T07:49:20","guid":{"rendered":"http:\/\/www.umacieja.net\/blog\/?p=259"},"modified":"2011-08-03T09:51:38","modified_gmt":"2011-08-03T07:51:38","slug":"poszli-i-poniesli","status":"publish","type":"post","link":"https:\/\/umacieja.net\/blog\/?p=259","title":{"rendered":"Poszli i ponie\u015bli"},"content":{"rendered":"<p><img decoding=\"async\" loading=\"lazy\" class=\"aligncenter\" title=\"Pielgrzymowanie\" src=\"http:\/\/umacieja.net\/galeria\/albums\/userpics\/Pielgrzymowanie_2011_052.jpg\" alt=\"\" width=\"492\" height=\"370\" \/><\/p>\n<p>Sierpie\u0144 rozpocz\u0105\u0142 si\u0119 pogodnie. Wydaje si\u0119, \u017ce\u00a0 Suplikacje zosta\u0142y wys\u0142uchane. Wierz\u0105cy i kochaj\u0105cy Boga parafianie z wielk\u0105 moc\u0105 za\u015bpiewali t\u0119 modlitw\u0119 w ostatni\u0105 niedziel\u0119. Niejedna \u0142za pop\u0142yn\u0119\u0142a i serce niejedno zmi\u0119k\u0142o! Zaraz nast\u0119pnego dnia \u017cniwiarze ruszyli po chleb na pola.<\/p>\n<p>Pielgrzymi poszli i ponie\u015bli nas i nasze intencje. Ugo\u015bcili\u015bmy \u015bniadaniem ok 700 pielgrzym\u00f3w z Elbl\u0105ga. Oni id\u0105 na Jasn\u0105 g\u00f3r\u0119 przez 15 dni. W wi\u0119kszo\u015bci to m\u0142odzie\u017c. Wczoraj mieli do pokonania 40 km! To robi wra\u017cenie. Tyle dobra si\u0119 rozla\u0142o w czasie tego ich \u015bniadania. Mogliby zamieszka\u0107 na sta\u0142e w parafii&#8230; chocia\u017c przez chwil\u0119 zrobi\u0142o si\u0119 jak w raju. U\u015bmiechni\u0119te twarze p\u0105tnik\u00f3w, pomimo b\u00f3lu i trudu pielgrzymiego. Radosny \u015bpiew i pozdrowienia budzi\u0142y leniw\u0105 wiar\u0119 mieszka\u0144c\u00f3w. Dobre gospodynie (ok. 50) przygotowa\u0142y pyszne \u015bniadanie z deserem na s\u0142odko. To by\u0142 taki ma\u0142y cud rozmno\u017cenia chleba: najedli si\u0119 do syta i jeszcze na drog\u0119 zabrali ze sob\u0105.\u00a0 Z naszej wsp\u00f3lnoty parafialnej na Jasn\u0105 G\u00f3r\u0119 posz\u0142o i ponios\u0142o nas 8  os\u00f3b: 6 z P\u0142ock\u0105 i 2 z Toru\u0144sk\u0105 Pielgrzymk\u0105.\u00a0 W komentarzach b\u0119d\u0105  zamieszczane ich relacje z trasy.<\/p>\n<p>Odprowadzi\u0142em naszych pielgrzym\u00f3w i gdy wraca\u0142em, jedna kobieta powtarza\u0142a s\u0142owa \u015bw. Paw\u0142a: &#8222;nikt z nas nie \u017cyje dla siebie&#8230;&#8221; B\u00f3g zap\u0142a\u0107 Wam za ka\u017cde dobro: za przygotowanie i podanie\u00a0 \u015bniadania, za posprz\u0105tanie, za u\u015bmiech i rado\u015b\u0107 robienia czegokolwiek dla innych. To jest budowanie wsp\u00f3lnoty \u015bwi\u0119tego Ko\u015bcio\u0142a grzesznych ludzi: <iframe width=\"500\" height=\"375\" src=\"https:\/\/www.youtube.com\/embed\/vKZTxdiLXOs?start=17&feature=oembed\" frameborder=\"0\" allow=\"autoplay; encrypted-media\" allowfullscreen><\/iframe><\/p>\n<p>&nbsp;<\/p>\n","protected":false},"excerpt":{"rendered":"<p>Sierpie\u0144 rozpocz\u0105\u0142 si\u0119 pogodnie. Wydaje si\u0119, \u017ce\u00a0 Suplikacje zosta\u0142y wys\u0142uchane. Wierz\u0105cy i kochaj\u0105cy Boga parafianie z wielk\u0105 moc\u0105 za\u015bpiewali t\u0119 modlitw\u0119 w ostatni\u0105 niedziel\u0119. Niejedna \u0142za pop\u0142yn\u0119\u0142a i serce niejedno zmi\u0119k\u0142o! Zaraz nast\u0119pnego dnia \u017cniwiarze ruszyli po chleb na pola. Pielgrzymi poszli i ponie\u015bli nas i nasze intencje. Ugo\u015bcili\u015bmy \u015bniadaniem ok 700 pielgrzym\u00f3w z Elbl\u0105ga. [&hellip;]<\/p>\n","protected":false},"author":1,"featured_media":0,"comment_status":"open","ping_status":"closed","sticky":false,"template":"","format":"standard","meta":{"ngg_post_thumbnail":0},"categories":[1],"tags":[],"_links":{"self":[{"href":"https:\/\/umacieja.net\/blog\/index.php?rest_route=\/wp\/v2\/posts\/259"}],"collection":[{"href":"https:\/\/umacieja.net\/blog\/index.php?rest_route=\/wp\/v2\/posts"}],"about":[{"href":"https:\/\/umacieja.net\/blog\/index.php?rest_route=\/wp\/v2\/types\/post"}],"author":[{"embeddable":true,"href":"https:\/\/umacieja.net\/blog\/index.php?rest_route=\/wp\/v2\/users\/1"}],"replies":[{"embeddable":true,"href":"https:\/\/umacieja.net\/blog\/index.php?rest_route=%2Fwp%2Fv2%2Fcomments&post=259"}],"version-history":[{"count":0,"href":"https:\/\/umacieja.net\/blog\/index.php?rest_route=\/wp\/v2\/posts\/259\/revisions"}],"wp:attachment":[{"href":"https:\/\/umacieja.net\/blog\/index.php?rest_route=%2Fwp%2Fv2%2Fmedia&parent=259"}],"wp:term":[{"taxonomy":"category","embeddable":true,"href":"https:\/\/umacieja.net\/blog\/index.php?rest_route=%2Fwp%2Fv2%2Fcategories&post=259"},{"taxonomy":"post_tag","embeddable":true,"href":"https:\/\/umacieja.net\/blog\/index.php?rest_route=%2Fwp%2Fv2%2Ftags&post=259"}],"curies":[{"name":"wp","href":"https:\/\/api.w.org\/{rel}","templated":true}]}}