{"id":249,"date":"2011-07-30T17:35:45","date_gmt":"2011-07-30T15:35:45","guid":{"rendered":"http:\/\/www.umacieja.net\/blog\/?p=249"},"modified":"2011-07-30T20:00:00","modified_gmt":"2011-07-30T18:00:00","slug":"zniwa-czas-zaczac","status":"publish","type":"post","link":"https:\/\/umacieja.net\/blog\/?p=249","title":{"rendered":"Suplikacje na czas \u017cniwa."},"content":{"rendered":"<p><img decoding=\"async\" loading=\"lazy\" class=\"aligncenter\" title=\"\u017bniwa\" src=\"http:\/\/umacieja.net\/galeria\/albums\/userpics\/Sierpc_skansen_2011_097.jpg\" alt=\"\" width=\"492\" height=\"369\" \/><\/p>\n<p>Lipco-pad si\u0119 ko\u0144czy. Rolnicy w pe\u0142nej gotowo\u015bci, aby wjecha\u0107 na pola po chleb nasz powszedni. Nerwowo wypatruj\u0105 s\u0142o\u0144ca. A tu ci\u0105gle pada. Zbo\u017ca poczernia\u0142y i zaczynaj\u0105 przerasta\u0107. Niekt\u00f3rzy na wsi m\u00f3wi\u0105, \u017ce to kara Bo\u017ca na ludzi, kolejna plaga egipska za niewiar\u0119. Kto\u015b nawet zauwa\u017cy\u0142, \u017ce skoro zdecydowana wi\u0119kszo\u015b\u0107 gospodarzy z so\u0142ectw: Dulsk i Soko\u0142owo nie po\u015bwi\u0119ci\u0142a swoich p\u00f3l, to teraz Pan B\u00f3g osobi\u015bcie \u015bwi\u0119ci te pola i nie \u017ca\u0142uje wody&#8230;<\/p>\n<p>B\u00f3g jest mi\u0142o\u015bci\u0105, dobrem, pi\u0119knem, to nie mo\u017ce by\u0107 \u017ar\u00f3d\u0142em z\u0142a &#8211; nie mo\u017ce niszczy\u0107 tego, co dobre, pi\u0119kne i co zosta\u0142o stworzone przez Niego. ALE: B\u00f3g uczy, wychowuje, troszczy si\u0119 o \u017cycie swoich stworze\u0144. Zaprasza do wi\u0119kszej wiary i ufno\u015bci. Dopuszcza pewne zdarzenia i sytuacje, uczy wra\u017cliwo\u015bci na znaki czasu. Takim znakiem czasu dla rolnik\u00f3w niew\u0105tpliwie jest tegoroczna niesprzyjaj\u0105ca pogoda. Mo\u017ce B\u00f3g chce zwr\u00f3ci\u0107 nasz\u0105 uwag\u0119 i nasze zatroskanie na to co naprawd\u0119 nasyca. A mo\u017ce pragnie nauczy\u0107 nas pokory? Bo nie samym chlebem bowiem \u017cyje cz\u0142owiek.<\/p>\n<p>B\u00f3g upomina si\u0119 o &#8222;swoje&#8221;\u00a0 &#8211; o cze\u015b\u0107 Mu nale\u017cn\u0105. Wystarczy popatrze\u0107 na nasze i s\u0105siad\u00f3w domy. Jak \u015bwi\u0119tujemy Dzie\u0144 Pa\u0144ski? Ile os\u00f3b idzie w niedziel\u0119 na Msz\u0119 \u015bw.? Czy B\u00f3g w og\u00f3le jest nam potrzebny? Jak traktujemy naszych bli\u017anich? Czy nie zabijamy ich s\u0142owem i obmow\u0105? Co z nasz\u0105 codzienn\u0105 modlitw\u0105? Za czym tak gonimy w \u017cyciu? Czy powa\u017cnie traktujemy sakramenty \u015bwi\u0119te w swoim \u017cyciu? Dlaczego wielu \u017cyje tak, jakby Boga nie by\u0142o? Czemu nie szanujemy sakramentu ma\u0142\u017ce\u0144stwa? \u015awi\u0119ty mocny &#8211; zmi\u0142uj si\u0119 nad nami!<\/p>\n<p style=\"text-align: center;\">\u015awi\u0119ty Bo\u017ce, \u015awi\u0119ty mocny,<br \/>\n\u015awi\u0119ty a Nie\u015bmiertelny<br \/>\nZmi\u0142uj si\u0119 nad nami?<br \/>\nOd powietrza, g\u0142odu, ognia i wojny<br \/>\nWybaw nas Panie!<br \/>\nOd nag\u0142ej i niespodzianej \u015bmierci<br \/>\nZachowaj nas Panie!<br \/>\nMy grzeszni Ciebie Boga prosimy<br \/>\nWys\u0142uchaj nas Panie!<\/p>\n<p style=\"text-align: center;\"><iframe width=\"500\" height=\"375\" src=\"https:\/\/www.youtube.com\/embed\/UaCXHxeHWVw?feature=oembed\" frameborder=\"0\" allow=\"autoplay; encrypted-media\" allowfullscreen><\/iframe><\/p>\n","protected":false},"excerpt":{"rendered":"<p>Lipco-pad si\u0119 ko\u0144czy. Rolnicy w pe\u0142nej gotowo\u015bci, aby wjecha\u0107 na pola po chleb nasz powszedni. Nerwowo wypatruj\u0105 s\u0142o\u0144ca. A tu ci\u0105gle pada. Zbo\u017ca poczernia\u0142y i zaczynaj\u0105 przerasta\u0107. Niekt\u00f3rzy na wsi m\u00f3wi\u0105, \u017ce to kara Bo\u017ca na ludzi, kolejna plaga egipska za niewiar\u0119. Kto\u015b nawet zauwa\u017cy\u0142, \u017ce skoro zdecydowana wi\u0119kszo\u015b\u0107 gospodarzy z so\u0142ectw: Dulsk i Soko\u0142owo [&hellip;]<\/p>\n","protected":false},"author":1,"featured_media":0,"comment_status":"open","ping_status":"closed","sticky":false,"template":"","format":"standard","meta":{"ngg_post_thumbnail":0},"categories":[1],"tags":[],"_links":{"self":[{"href":"https:\/\/umacieja.net\/blog\/index.php?rest_route=\/wp\/v2\/posts\/249"}],"collection":[{"href":"https:\/\/umacieja.net\/blog\/index.php?rest_route=\/wp\/v2\/posts"}],"about":[{"href":"https:\/\/umacieja.net\/blog\/index.php?rest_route=\/wp\/v2\/types\/post"}],"author":[{"embeddable":true,"href":"https:\/\/umacieja.net\/blog\/index.php?rest_route=\/wp\/v2\/users\/1"}],"replies":[{"embeddable":true,"href":"https:\/\/umacieja.net\/blog\/index.php?rest_route=%2Fwp%2Fv2%2Fcomments&post=249"}],"version-history":[{"count":0,"href":"https:\/\/umacieja.net\/blog\/index.php?rest_route=\/wp\/v2\/posts\/249\/revisions"}],"wp:attachment":[{"href":"https:\/\/umacieja.net\/blog\/index.php?rest_route=%2Fwp%2Fv2%2Fmedia&parent=249"}],"wp:term":[{"taxonomy":"category","embeddable":true,"href":"https:\/\/umacieja.net\/blog\/index.php?rest_route=%2Fwp%2Fv2%2Fcategories&post=249"},{"taxonomy":"post_tag","embeddable":true,"href":"https:\/\/umacieja.net\/blog\/index.php?rest_route=%2Fwp%2Fv2%2Ftags&post=249"}],"curies":[{"name":"wp","href":"https:\/\/api.w.org\/{rel}","templated":true}]}}