{"id":229,"date":"2011-07-27T13:51:51","date_gmt":"2011-07-27T11:51:51","guid":{"rendered":"http:\/\/www.umacieja.net\/blog\/?p=229"},"modified":"2011-07-27T21:42:56","modified_gmt":"2011-07-27T19:42:56","slug":"pojde-boso","status":"publish","type":"post","link":"https:\/\/umacieja.net\/blog\/?p=229","title":{"rendered":"P\u00f3jd\u0119 boso."},"content":{"rendered":"<p><img decoding=\"async\" loading=\"lazy\" class=\"aligncenter\" title=\"D\u0119bno\" src=\"http:\/\/umacieja.net\/galeria\/albums\/userpics\/Tatry_2011_314.jpg\" alt=\"\" width=\"491\" height=\"369\" \/><\/p>\n<p>W krajobrazie wojew\u00f3dztwa kujawsko &#8211; pomorskiego, kojarzonym przede wszystkim z &#8222;Krzy\u017cakami&#8221;, dominuje architektura ceglana. Rzadko\u015bci\u0105 s\u0105 drewniane ko\u015bcio\u0142y. Najbli\u017cej Dulska spotkamy tak\u0105 \u015bwi\u0105tyni\u0119 w Chrostkowie. Na obrazku uwieczni\u0142em drewniany ko\u015bci\u00f3\u0142 z XV wieku w <a href=\"http:\/\/www.debno.diecezja.pl\/index.htm\" target=\"_blank\">D\u0119bnie Podhala\u0144skim<\/a>. Wpisany na list\u0119 \u015bwiatowego dziedzictwa UNESCO. Byli\u015bmy tam z wycieczk\u0105 na pocz\u0105tku lipca. Takich \u015bwi\u0105ty\u0144 w Polsce prawie nie ma: od posadzki po zwie\u0144czenie \u015bredniowiecznych, niezmienionych od setek lat. Proboszcz tego ko\u015bcio\u0142a opowiada\u0142 nam, dlaczego zachowa\u0142 si\u0119 on w pierwotnym stanie, pomimo tego, \u017ce z jest z drewna i warunki atmosferyczne oraz niespokojna historia go niszczy\u0142y. Przetrwa\u0142 bo ludzie tam mieszkaj\u0105cy s\u0105 biedni. Nie sta\u0107 by\u0142o ich remonty, a tym bardziej na wybudowanie nowej \u015bwi\u0105tyni. Ciekawe to i ewangeliczne, bo okazuje si\u0119, \u017ce bieda mo\u017ce by\u0107 b\u0142ogos\u0142awiona &#8230;<\/p>\n<p>\u00d3w proboszcz opowiada\u0142 te\u017c, \u017ce w jego parafii s\u0105 dwie Msze \u015bwi\u0119te, na kt\u00f3rych modli si\u0119\u00a0 w sumie oko\u0142o\u00a0 400 parafian. To jak w mojej parafii &#8211; wtr\u0105ci\u0142em. Te\u017c mamy drewniany ko\u015bci\u00f3\u0142 i ok 400 os\u00f3b w nim si\u0119 modli co niedziela. Tylko z t\u0105 r\u00f3\u017cnic\u0105, \u017ce parafia Dulsk liczy 132o wiernych, a parafia D\u0119bno 480 mieszka\u0144c\u00f3w.\u00a0 Zagin\u0119\u0142o gdzie\u015b \u0142adnych par\u0119 setek parafian&#8230; Ach to przecudne Podhale! Wiedz\u0105 dopok\u0105d i\u015b\u0107, coby im Pon Jezus b\u0142ogos\u0142awi\u0142. A mo\u017ce by tak p\u00f3j\u015b\u0107 boso&#8230;? Pos\u0142uchajcie\u017c: <iframe width=\"500\" height=\"281\" src=\"https:\/\/www.youtube.com\/embed\/csSefjNCXn0?feature=oembed\" frameborder=\"0\" allow=\"autoplay; encrypted-media\" allowfullscreen><\/iframe><\/p>\n","protected":false},"excerpt":{"rendered":"<p>W krajobrazie wojew\u00f3dztwa kujawsko &#8211; pomorskiego, kojarzonym przede wszystkim z &#8222;Krzy\u017cakami&#8221;, dominuje architektura ceglana. Rzadko\u015bci\u0105 s\u0105 drewniane ko\u015bcio\u0142y. Najbli\u017cej Dulska spotkamy tak\u0105 \u015bwi\u0105tyni\u0119 w Chrostkowie. Na obrazku uwieczni\u0142em drewniany ko\u015bci\u00f3\u0142 z XV wieku w D\u0119bnie Podhala\u0144skim. Wpisany na list\u0119 \u015bwiatowego dziedzictwa UNESCO. Byli\u015bmy tam z wycieczk\u0105 na pocz\u0105tku lipca. Takich \u015bwi\u0105ty\u0144 w Polsce prawie nie [&hellip;]<\/p>\n","protected":false},"author":1,"featured_media":0,"comment_status":"open","ping_status":"closed","sticky":false,"template":"","format":"standard","meta":{"ngg_post_thumbnail":0},"categories":[1],"tags":[],"_links":{"self":[{"href":"https:\/\/umacieja.net\/blog\/index.php?rest_route=\/wp\/v2\/posts\/229"}],"collection":[{"href":"https:\/\/umacieja.net\/blog\/index.php?rest_route=\/wp\/v2\/posts"}],"about":[{"href":"https:\/\/umacieja.net\/blog\/index.php?rest_route=\/wp\/v2\/types\/post"}],"author":[{"embeddable":true,"href":"https:\/\/umacieja.net\/blog\/index.php?rest_route=\/wp\/v2\/users\/1"}],"replies":[{"embeddable":true,"href":"https:\/\/umacieja.net\/blog\/index.php?rest_route=%2Fwp%2Fv2%2Fcomments&post=229"}],"version-history":[{"count":0,"href":"https:\/\/umacieja.net\/blog\/index.php?rest_route=\/wp\/v2\/posts\/229\/revisions"}],"wp:attachment":[{"href":"https:\/\/umacieja.net\/blog\/index.php?rest_route=%2Fwp%2Fv2%2Fmedia&parent=229"}],"wp:term":[{"taxonomy":"category","embeddable":true,"href":"https:\/\/umacieja.net\/blog\/index.php?rest_route=%2Fwp%2Fv2%2Fcategories&post=229"},{"taxonomy":"post_tag","embeddable":true,"href":"https:\/\/umacieja.net\/blog\/index.php?rest_route=%2Fwp%2Fv2%2Ftags&post=229"}],"curies":[{"name":"wp","href":"https:\/\/api.w.org\/{rel}","templated":true}]}}