{"id":209,"date":"2011-07-18T22:02:55","date_gmt":"2011-07-18T20:02:55","guid":{"rendered":"http:\/\/www.umacieja.net\/blog\/?p=209"},"modified":"2011-07-27T17:17:41","modified_gmt":"2011-07-27T15:17:41","slug":"smycz-sakramentalna","status":"publish","type":"post","link":"https:\/\/umacieja.net\/blog\/?p=209","title":{"rendered":"Smycz sakramentalna"},"content":{"rendered":"<p><a href=\"http:\/\/www.umacieja.net\/blog\/wp-content\/uploads\/2011\/07\/Smycze-010.jpg\"><img decoding=\"async\" loading=\"lazy\" class=\"aligncenter size-medium wp-image-210\" title=\"Smycze 010\" src=\"http:\/\/www.umacieja.net\/blog\/wp-content\/uploads\/2011\/07\/Smycze-010-300x225.jpg\" alt=\"\" width=\"491\" height=\"365\" \/><\/a><\/p>\n<p>Przer\u00f3\u017cne zapachy niesie lipiec; dzisiaj zapachnia\u0142o na mojej werandzie mi\u0119t\u0105, koprem, lawend\u0105, pierwszymi jab\u0142kami z sadu oraz liliami, kt\u00f3re wieczorem przyni\u00f3s\u0142 na plebani\u0119 Rafa\u0142 ze swego ogrodu.\u00a0 Niesamowite &#8211; ogromne, kr\u00f3lewskie i upajaj\u0105ce s\u0142odkim\u00a0 zapachem. A jak pachnie wiara? Pachnie \u015bwiadectwem. I tak dla przyk\u0142adu:<\/p>\n<p>Media napisa\u0142y: Agnieszka Radwa\u0144ska zach\u0119ca do odwa\u017canego wyznawania wiary chrze\u015bcija\u0144skiej i  na specjalnym filmie uk\u0142ada z pi\u0142ek tenisowych napis ?Jezus?. W ten spos\u00f3b  s\u0142ynna polska tenisistka w\u0142\u0105czy\u0142a si\u0119 w breloczkow\u0105 akcj\u0119 Krucjaty M\u0142odych, pod  has\u0142em ?Nie wstydz\u0119 si\u0119 Jezusa!?. Kampania, kt\u00f3ra ruszy\u0142a kilka miesi\u0119cy temu,  zach\u0119ca wszystkich do noszenia brelok\u00f3w z krzy\u017cem oraz odwa\u017cnego przyznawania  si\u0119 do swojej wiary.<\/p>\n<p>W XVI Niedziel\u0119 Zwyk\u0142\u0105 us\u0142yszeli\u015bmy s\u0142owa Jezusa\u00a0 o chwa\u015bcie w Kr\u00f3lestwie Bo\u017cym. Mamy tych chwast\u00f3w wiele w \u017cyciu. W parafii \u017cycie zachwaszczaj\u0105 tzw. zwi\u0105zki na pr\u00f3b\u0119 katolik\u00f3w, bez przeszk\u00f3d &#8211; nie chc\u0105 zawrze\u0107 sakramentalnego \u015blubu. Dalej chwastami si\u0119 czyni\u0105 chrze\u015bcijanie bez udzia\u0142u w Mszy niedzielnej (tu chwast zasia\u0142y w\u0142adze gminy Radomin organizuj\u0105c mecze w pi\u0142k\u0119 no\u017cn\u0105 dla so\u0142ectw w czasie niedzielnych Mszy w Gminie i odpustu Matki Bo\u017cej Szkaplerznej w pobliskim sanktuarium w Oborach). Zabrak\u0142o wyobra\u017ani? By\u0107 mo\u017ce &#8211; bo takie dzia\u0142anie pachnie starodawn\u0105 komun\u0105! Id\u0105c dalej zapytajmy o wychowanie dzieci &#8211; bez obowi\u0105zk\u00f3w i wymaga\u0144 &#8211; niech robi\u0105 co chc\u0105&#8230; Zapytajmy te\u017c w wiar\u0119 i modlitw\u0119 o &#8222;Niebieskie Ubezpieczenie&#8221; upraw, ziemi, zasiew\u00f3w rolnik\u00f3w z so\u0142ectwa Dulsk: mamy 108 gospodarzy a na po\u015bwi\u0119cenie p\u00f3l przysz\u0142o tylko 25 Gospodarzy. Oby dalej dzi\u0119ki tym niewielu Sprawiedliwym omija\u0142y nas nieszcz\u0119\u015bcia i nawa\u0142nice!<\/p>\n<p>Jestem proboszczem od 2 lat i nie pozna\u0142em jeszcze\u00a0 wszystkich mieszka\u0144c\u00f3w w mojej ma\u0142ej Parafii. Nie dali si\u0119 widzie\u0107&#8230; szkoda! A Jezus kaza\u0142 nam, aby ro\u015bli razem z dobrym ziarnem &#8211; do czasu \u017cniwa, ale chwasty nie maj\u0105 przysz\u0142o\u015bci!<\/p>\n<p>Tenisistka Agnieszka Radwa\u0144ska zach\u0119ca do odwa\u017cnego wyznawania swojej wiary. Zach\u0119cam i ja do wyznawania wiary oraz do posiadania tzw smyczy sakramentalnej z naszej Parafii. Jest do zdobycia w parafii, opowiada o zdrowej drodze katolika &#8211; o 7 sakramentach \u015bwi\u0119tych, jest w kolorze naszego ko\u015bcio\u0142a, ma logo Parafii i Chrze\u015bcijanina &#8211; Rybk\u0119. Jest smycz\u0105, czyli opowiada o przywi\u0105zaniu do Jezusa, Sakrament\u00f3w, Parafii. Jej zadaniem do\u015b\u0107 przyziemnym jest zdoby\u0107 \u015brodki na restauracj\u0119 chrzcielnicy z XVIII w. przy kt\u00f3rej wielu mieszka\u0144c\u00f3w naszej Parafii otrzymywa\u0142o sakrament chrztu &#8211; pierwszy i najwa\u017cniejszy z sakrament\u00f3w.<\/p>\n","protected":false},"excerpt":{"rendered":"<p>Przer\u00f3\u017cne zapachy niesie lipiec; dzisiaj zapachnia\u0142o na mojej werandzie mi\u0119t\u0105, koprem, lawend\u0105, pierwszymi jab\u0142kami z sadu oraz liliami, kt\u00f3re wieczorem przyni\u00f3s\u0142 na plebani\u0119 Rafa\u0142 ze swego ogrodu.\u00a0 Niesamowite &#8211; ogromne, kr\u00f3lewskie i upajaj\u0105ce s\u0142odkim\u00a0 zapachem. A jak pachnie wiara? Pachnie \u015bwiadectwem. I tak dla przyk\u0142adu: Media napisa\u0142y: Agnieszka Radwa\u0144ska zach\u0119ca do odwa\u017canego wyznawania wiary chrze\u015bcija\u0144skiej [&hellip;]<\/p>\n","protected":false},"author":1,"featured_media":0,"comment_status":"open","ping_status":"closed","sticky":false,"template":"","format":"standard","meta":{"ngg_post_thumbnail":0},"categories":[1],"tags":[],"_links":{"self":[{"href":"https:\/\/umacieja.net\/blog\/index.php?rest_route=\/wp\/v2\/posts\/209"}],"collection":[{"href":"https:\/\/umacieja.net\/blog\/index.php?rest_route=\/wp\/v2\/posts"}],"about":[{"href":"https:\/\/umacieja.net\/blog\/index.php?rest_route=\/wp\/v2\/types\/post"}],"author":[{"embeddable":true,"href":"https:\/\/umacieja.net\/blog\/index.php?rest_route=\/wp\/v2\/users\/1"}],"replies":[{"embeddable":true,"href":"https:\/\/umacieja.net\/blog\/index.php?rest_route=%2Fwp%2Fv2%2Fcomments&post=209"}],"version-history":[{"count":0,"href":"https:\/\/umacieja.net\/blog\/index.php?rest_route=\/wp\/v2\/posts\/209\/revisions"}],"wp:attachment":[{"href":"https:\/\/umacieja.net\/blog\/index.php?rest_route=%2Fwp%2Fv2%2Fmedia&parent=209"}],"wp:term":[{"taxonomy":"category","embeddable":true,"href":"https:\/\/umacieja.net\/blog\/index.php?rest_route=%2Fwp%2Fv2%2Fcategories&post=209"},{"taxonomy":"post_tag","embeddable":true,"href":"https:\/\/umacieja.net\/blog\/index.php?rest_route=%2Fwp%2Fv2%2Ftags&post=209"}],"curies":[{"name":"wp","href":"https:\/\/api.w.org\/{rel}","templated":true}]}}