{"id":199,"date":"2011-06-28T09:37:18","date_gmt":"2011-06-28T07:37:18","guid":{"rendered":"http:\/\/www.umacieja.net\/blog\/?p=199"},"modified":"2011-06-28T16:08:54","modified_gmt":"2011-06-28T14:08:54","slug":"lipcem-pachnie","status":"publish","type":"post","link":"https:\/\/umacieja.net\/blog\/?p=199","title":{"rendered":"Lipcem zapachnia\u0142o"},"content":{"rendered":"<p style=\"text-align: center;\"><img decoding=\"async\" loading=\"lazy\" class=\"alignnone\" title=\"Lipa\" src=\"http:\/\/umacieja.net\/galeria\/albums\/userpics\/Lipa_021.jpg\" alt=\"\" width=\"490\" height=\"367\" \/><\/p>\n<p style=\"text-align: justify;\">Nachodz\u0105 mnie letnie zapachy. Podczas po\u015bwi\u0119cenia p\u00f3l w Wilczewku o\u0142tarz by\u0142 ustawiony w pobli\u017cu kwitn\u0105cej intensywnie maciejki. By\u0142o prawie jak w raju. Od kilku dni wok\u00f3\u0142 ko\u015bcio\u0142a rozkwit\u0142y na dobre lipy i kusz\u0105 pszczo\u0142y swoim delikatnym, miodowym\u00a0 zapachem. Zawsze od najm\u0142odszych lat mia\u0142em takie skojarzenie: pachn\u0105 lipy, czas wi\u0119c na wakacje. Czas p\u0142ynie leniwie. Niestety dni robi\u0105 si\u0119 coraz kr\u00f3tsze.<\/p>\n<p style=\"text-align: justify;\">W niedziel\u0119 mieli\u015bmy w ko\u015bciele uczt\u0119 kulturaln\u0105 w wykonaniu student\u00f3w z kl. &#8222;0&#8221;.<a href=\"http:\/\/www.youtube.com\/user\/ParafiaDulsk?gl=PL\"> ParafiaDulsk?gl=PL<\/a><\/p>\n<p style=\"text-align: justify;\">Dzieci zata\u0144czy\u0142y Poloneza Ojcu w niebie i swoim ojcom oraz wr\u0119czy\u0142y im r\u00f3\u017ce. U\u015bmiech dziecka, muzyka, kwiaty &#8211; to kawa\u0142ek raju.<\/p>\n<p style=\"text-align: justify;\">Chc\u0119 podzi\u0119kowa\u0107 moim Parafianom, kt\u00f3rzy napracowali si\u0119 wiosn\u0105 przy ko\u015bciele. Bezinteresownie. Tak to jest widocznie w \u017cyciu, \u017ce niekt\u00f3rzy nic nie pomog\u0105, nic nie ofiaruj\u0105 ale za to wszystko wiedz\u0105 i to lepiej ni\u017c inni, znaj\u0105 si\u0119 na wszystkim, oceniaj\u0105, m\u0119drkuj\u0105 &#8211; ale palcem nie rusz\u0105. Nawet gdy si\u0119 prosi o pomoc, (ale to nie w naszej parafii&#8230;). B\u00f3g zap\u0142a\u0107 za prace na cmentarzu przy wycince drzew. Dzi\u0119kuj\u0119 za prace w Parku Papieskim: za remont ubikacji, pomniki, kamienie, stacje drogi krzy\u017cowej, drzewa, krzewy, kwiaty, podlewanie, koszenie trawy, bram\u0119. Wyra\u017cam wdzi\u0119czno\u015b\u0107 za renowacje okien w ko\u015bciele: czyszczenie, mycie, szklenie, silikonowanie, malowanie oraz napraw\u0119 dzwonu, pielenie, po\u015bwi\u0119cenia p\u00f3l i biesiady.<\/p>\n<p style=\"text-align: justify;\">W tych dniach rozpoczynamy renowacj\u0119 chrzcielnicy, bo trzeba zacz\u0105\u0107 od \u017ar\u00f3de\u0142. Dzieci i m\u0142odzie\u017c z parafii wyruszaj\u0105 na odpoczynek na po\u0142udnie Polski. I w tym miejscu dzi\u0119kuj\u0119 wszystkim sponsorom, dobrodziejom, ofiarodawcom, udzia\u0142owcom w naszych pracach i zdaniach. Na\u015bladowcy mille widziani!<\/p>\n<p style=\"text-align: justify;\">Co dalej? Odpoczywamy i oczekujemy na kolejne natchnienia Ducha \u015awi\u0119tego. \u017bycz\u0119 dobrych zapach\u00f3w, ciep\u0142ych kolor\u00f3w, harmonijnych d\u017awi\u0119k\u00f3w i smakowitych spotka\u0144.<\/p>\n","protected":false},"excerpt":{"rendered":"<p>Nachodz\u0105 mnie letnie zapachy. Podczas po\u015bwi\u0119cenia p\u00f3l w Wilczewku o\u0142tarz by\u0142 ustawiony w pobli\u017cu kwitn\u0105cej intensywnie maciejki. By\u0142o prawie jak w raju. Od kilku dni wok\u00f3\u0142 ko\u015bcio\u0142a rozkwit\u0142y na dobre lipy i kusz\u0105 pszczo\u0142y swoim delikatnym, miodowym\u00a0 zapachem. Zawsze od najm\u0142odszych lat mia\u0142em takie skojarzenie: pachn\u0105 lipy, czas wi\u0119c na wakacje. Czas p\u0142ynie leniwie. Niestety [&hellip;]<\/p>\n","protected":false},"author":1,"featured_media":0,"comment_status":"open","ping_status":"closed","sticky":false,"template":"","format":"standard","meta":{"ngg_post_thumbnail":0},"categories":[1],"tags":[],"_links":{"self":[{"href":"https:\/\/umacieja.net\/blog\/index.php?rest_route=\/wp\/v2\/posts\/199"}],"collection":[{"href":"https:\/\/umacieja.net\/blog\/index.php?rest_route=\/wp\/v2\/posts"}],"about":[{"href":"https:\/\/umacieja.net\/blog\/index.php?rest_route=\/wp\/v2\/types\/post"}],"author":[{"embeddable":true,"href":"https:\/\/umacieja.net\/blog\/index.php?rest_route=\/wp\/v2\/users\/1"}],"replies":[{"embeddable":true,"href":"https:\/\/umacieja.net\/blog\/index.php?rest_route=%2Fwp%2Fv2%2Fcomments&post=199"}],"version-history":[{"count":0,"href":"https:\/\/umacieja.net\/blog\/index.php?rest_route=\/wp\/v2\/posts\/199\/revisions"}],"wp:attachment":[{"href":"https:\/\/umacieja.net\/blog\/index.php?rest_route=%2Fwp%2Fv2%2Fmedia&parent=199"}],"wp:term":[{"taxonomy":"category","embeddable":true,"href":"https:\/\/umacieja.net\/blog\/index.php?rest_route=%2Fwp%2Fv2%2Fcategories&post=199"},{"taxonomy":"post_tag","embeddable":true,"href":"https:\/\/umacieja.net\/blog\/index.php?rest_route=%2Fwp%2Fv2%2Ftags&post=199"}],"curies":[{"name":"wp","href":"https:\/\/api.w.org\/{rel}","templated":true}]}}