{"id":193,"date":"2011-06-24T20:49:39","date_gmt":"2011-06-24T18:49:39","guid":{"rendered":"http:\/\/www.umacieja.net\/blog\/?p=193"},"modified":"2011-06-27T08:55:47","modified_gmt":"2011-06-27T06:55:47","slug":"kotki-dwa","status":"publish","type":"post","link":"https:\/\/umacieja.net\/blog\/?p=193","title":{"rendered":"Kotki tylko dwa."},"content":{"rendered":"<p style=\"text-align: center\"><img decoding=\"async\" loading=\"lazy\" src=\"http:\/\/umacieja.net\/galeria\/albums\/userpics\/Kotki_018.jpg\" height=\"368\" width=\"492\" \/><\/p>\n<p>To nie Bo\u017ce Narodzenie na zdj\u0119ciu! Ponad miesi\u0105c temu dw\u00f3jka dzieci: Natalka i \u0141ukasz przynie\u015bli na plebani\u0119 kartonik, w kt\u00f3rym si\u0119 co\u015b rusza\u0142o&#8230; Krzycz\u0105, \u017ce kotki u nich w domu przysz\u0142y na \u015bwiat od Pusi, i no i co oni maj\u0105 robi\u0107? Powa\u017cna sprawa! \u017bycie trzeba chroni\u0107 i dba\u0107 o nie. Wi\u0119c zanie\u015bli\u015bmy te male\u0144stwa do stodo\u0142y. Zamieszka\u0142y na sianie\u00a0 w\u015br\u00f3d figurek stajenki bo\u017conarodzeniowej.<\/p>\n<p>Dzisiaj ju\u017c s\u0105 ju\u017c w miar\u0119 du\u017ce. Ucz\u0105 si\u0119 samodzielno\u015bci. I oczywi\u015bcie baraszkuj\u0105 po stodole. Maj\u0105 ciekawe, niespotykane umaszczenia: jeden rudy &#8211; jak tygrys, drugi czarny w pr\u0105\u017cki. Dzieci ustawi\u0142y si\u0119 w kolejce, aby je wzi\u0105\u0107 do siebie. Szkoda, \u017ce s\u0105 tylko dwa.<\/p>\n<p>Ma\u0142o dzieci jest w parafii. Ma\u0142o si\u0119 te\u017c rodzi. Parafia si\u0119 starzeje\u00a0 jak i ojczyzna nasza. A rz\u0105dz\u0105cy jakby nie widzieli problemu. Nie ma powa\u017cnej polityki prorodzinnej. Dzisiaj odwiedzili mnie parafianie mieszkaj\u0105cy w Niemczech. Zapyta\u0142em ich o polityk\u0119 prorodzinn\u0105 w tym kraju. Jest! M\u0105\u017c pracuje, \u017cona wychowuje dzieci. Mog\u0105 sobie na to pozwoli\u0107, bo maj\u0105 zasi\u0142ki rodzinne na ka\u017cde dziecko. Podobnie jest w wielu krajach UE &#8211; jest promocja rodziny, ka\u017cdego dziecka, matki wychowuj\u0105cej dzieci. Kogo\u015b to obchodzi i zale\u017cy komu\u015b na przysz\u0142o\u015bci. A u nas nawet podatek podniesiono na ubranka dla dzieci&#8230;Polska wymiera.<\/p>\n","protected":false},"excerpt":{"rendered":"<p>To nie Bo\u017ce Narodzenie na zdj\u0119ciu! Ponad miesi\u0105c temu dw\u00f3jka dzieci: Natalka i \u0141ukasz przynie\u015bli na plebani\u0119 kartonik, w kt\u00f3rym si\u0119 co\u015b rusza\u0142o&#8230; Krzycz\u0105, \u017ce kotki u nich w domu przysz\u0142y na \u015bwiat od Pusi, i no i co oni maj\u0105 robi\u0107? Powa\u017cna sprawa! \u017bycie trzeba chroni\u0107 i dba\u0107 o nie. Wi\u0119c zanie\u015bli\u015bmy te male\u0144stwa [&hellip;]<\/p>\n","protected":false},"author":1,"featured_media":0,"comment_status":"open","ping_status":"closed","sticky":false,"template":"","format":"standard","meta":{"ngg_post_thumbnail":0},"categories":[1],"tags":[],"_links":{"self":[{"href":"https:\/\/umacieja.net\/blog\/index.php?rest_route=\/wp\/v2\/posts\/193"}],"collection":[{"href":"https:\/\/umacieja.net\/blog\/index.php?rest_route=\/wp\/v2\/posts"}],"about":[{"href":"https:\/\/umacieja.net\/blog\/index.php?rest_route=\/wp\/v2\/types\/post"}],"author":[{"embeddable":true,"href":"https:\/\/umacieja.net\/blog\/index.php?rest_route=\/wp\/v2\/users\/1"}],"replies":[{"embeddable":true,"href":"https:\/\/umacieja.net\/blog\/index.php?rest_route=%2Fwp%2Fv2%2Fcomments&post=193"}],"version-history":[{"count":0,"href":"https:\/\/umacieja.net\/blog\/index.php?rest_route=\/wp\/v2\/posts\/193\/revisions"}],"wp:attachment":[{"href":"https:\/\/umacieja.net\/blog\/index.php?rest_route=%2Fwp%2Fv2%2Fmedia&parent=193"}],"wp:term":[{"taxonomy":"category","embeddable":true,"href":"https:\/\/umacieja.net\/blog\/index.php?rest_route=%2Fwp%2Fv2%2Fcategories&post=193"},{"taxonomy":"post_tag","embeddable":true,"href":"https:\/\/umacieja.net\/blog\/index.php?rest_route=%2Fwp%2Fv2%2Ftags&post=193"}],"curies":[{"name":"wp","href":"https:\/\/api.w.org\/{rel}","templated":true}]}}