{"id":190,"date":"2011-04-29T08:27:26","date_gmt":"2011-04-29T06:27:26","guid":{"rendered":"http:\/\/www.umacieja.net\/blog\/?p=190"},"modified":"2011-05-02T17:20:45","modified_gmt":"2011-05-02T15:20:45","slug":"bl-janie-pawle-modl-sie-za-nami","status":"publish","type":"post","link":"https:\/\/umacieja.net\/blog\/?p=190","title":{"rendered":"B\u0142. Janie Pawle m\u00f3dl si\u0119 za nami."},"content":{"rendered":"<p style=\"text-align: center\"><img decoding=\"async\" loading=\"lazy\" src=\"http:\/\/www.parafiadulsk.pl\/galeria\/albums\/userpics\/10001\/Park%20JP%20II%20558.jpg\" height=\"368\" width=\"491\" \/><\/p>\n<p>&#8222;Subito&#8221; spe\u0142nia si\u0119 po sze\u015bciu latach. Cieszymy si\u0119? Wydaje si\u0119, \u017ce nasza wiara jest zm\u0119czona&#8230; i nie ma si\u0142y na taki entuzjazm, jaki panowa\u0142 podczas pielgrzymek papieskich do ojczyzny.<\/p>\n<p>Postanowi\u0142em, aby Karol Wojty\u0142a w mojej parafii te\u017c mia\u0142 pami\u0105tk\u0119. Nie chcia\u0142em, aby to by\u0142 pomnik z marmuru, ale \u017ceby \u017cy\u0142 i cieszy\u0142. Nazwa\u0142em park przyko\u015bcielny imieniem b\u0142. Jana Paw\u0142a II. Park z natury swojej \u017cyje. Drzewa, krzewy i kwiaty rosn\u0105. Trzeba dba\u0107 o nie, podcina\u0107, podlewa\u0107, nawozi\u0107. To tak jak z wiar\u0105&#8230; trzeba troszczy\u0107 si\u0119 o ni\u0105, aby nie by\u0142a zm\u0119czona! W parku po\u0142o\u017cyli\u015bmy r\u00f3\u017caniec z kamieni polnych (kto chcia\u0142 mie\u0107 sw\u00f3j kamie\u0144, m\u00f3g\u0142 go przywie\u017a\u0107 ze swego pola), postawili\u015bmy stacje drogi krzy\u017cowej i przywie\u017ali\u015bmy dwa ogromne &#8211; ale i pi\u0119kne kamienie. Kamienie te wkomponowane zosta\u0142y w r\u00f3\u017caniec. One s\u0105 wyrazem Piotra (Petrus &#8211; ska\u0142a). To Jezus buduje sw\u00f3j Ko\u015bci\u00f3\u0142 na Skale &#8211; Piotrze. Park to te\u017c miejsce naszych spotka\u0144 &#8211; cho\u0107by przy ognisku. W niedziel\u0119 01 maja spotykamy si\u0119 na maj\u00f3wce z Karolem w naszym parku.<\/p>\n<p>Wiara ma by\u0107 budowana na Kamieniu &#8211; Piotrze i ma by\u0107 \u017cywa jak drzewa i kwiaty w parku. Jest te\u017c spotkaniem i go\u015bcin\u0105. Tego nas uczy b\u0142. Karol Wojty\u0142a.<\/p>\n<p>Mo\u017ce kto\u015b napisze o tym jak Papie\u017c zmieni\u0142 Wasze \u017cycie?<\/p>\n<p>ps Otrzymuj\u0119 wiadomo\u015bci z\u00a0 Rzymu. Dziel\u0119 si\u0119 nimi w komentarzach.<\/p>\n","protected":false},"excerpt":{"rendered":"<p>&#8222;Subito&#8221; spe\u0142nia si\u0119 po sze\u015bciu latach. Cieszymy si\u0119? Wydaje si\u0119, \u017ce nasza wiara jest zm\u0119czona&#8230; i nie ma si\u0142y na taki entuzjazm, jaki panowa\u0142 podczas pielgrzymek papieskich do ojczyzny. Postanowi\u0142em, aby Karol Wojty\u0142a w mojej parafii te\u017c mia\u0142 pami\u0105tk\u0119. Nie chcia\u0142em, aby to by\u0142 pomnik z marmuru, ale \u017ceby \u017cy\u0142 i cieszy\u0142. Nazwa\u0142em park przyko\u015bcielny [&hellip;]<\/p>\n","protected":false},"author":1,"featured_media":0,"comment_status":"open","ping_status":"closed","sticky":false,"template":"","format":"standard","meta":{"ngg_post_thumbnail":0},"categories":[1],"tags":[],"_links":{"self":[{"href":"https:\/\/umacieja.net\/blog\/index.php?rest_route=\/wp\/v2\/posts\/190"}],"collection":[{"href":"https:\/\/umacieja.net\/blog\/index.php?rest_route=\/wp\/v2\/posts"}],"about":[{"href":"https:\/\/umacieja.net\/blog\/index.php?rest_route=\/wp\/v2\/types\/post"}],"author":[{"embeddable":true,"href":"https:\/\/umacieja.net\/blog\/index.php?rest_route=\/wp\/v2\/users\/1"}],"replies":[{"embeddable":true,"href":"https:\/\/umacieja.net\/blog\/index.php?rest_route=%2Fwp%2Fv2%2Fcomments&post=190"}],"version-history":[{"count":0,"href":"https:\/\/umacieja.net\/blog\/index.php?rest_route=\/wp\/v2\/posts\/190\/revisions"}],"wp:attachment":[{"href":"https:\/\/umacieja.net\/blog\/index.php?rest_route=%2Fwp%2Fv2%2Fmedia&parent=190"}],"wp:term":[{"taxonomy":"category","embeddable":true,"href":"https:\/\/umacieja.net\/blog\/index.php?rest_route=%2Fwp%2Fv2%2Fcategories&post=190"},{"taxonomy":"post_tag","embeddable":true,"href":"https:\/\/umacieja.net\/blog\/index.php?rest_route=%2Fwp%2Fv2%2Ftags&post=190"}],"curies":[{"name":"wp","href":"https:\/\/api.w.org\/{rel}","templated":true}]}}