{"id":188,"date":"2011-04-17T17:35:13","date_gmt":"2011-04-17T15:35:13","guid":{"rendered":"http:\/\/www.umacieja.net\/blog\/?p=188"},"modified":"2011-04-17T22:37:28","modified_gmt":"2011-04-17T20:37:28","slug":"moja-droga-potluczona","status":"publish","type":"post","link":"https:\/\/umacieja.net\/blog\/?p=188","title":{"rendered":"Moja Droga Pot\u0142uczona&#8230;"},"content":{"rendered":"<p style=\"text-align: center\"><img decoding=\"async\" loading=\"lazy\" src=\"http:\/\/www.parafiadulsk.pl\/galeria\/albums\/userpics\/10001\/Droga%20Krzy%C5%BCowa%20przez%20wie%C5%9B2011%20008.jpg\" height=\"474\" width=\"356\" \/><\/p>\n<p>Wielki Post to wielkie zabieganie zw\u0142aszcza dla ksi\u0119\u017cy. St\u0105d pod moj\u0105 strzech\u0105 dawno mnie nie by\u0142o. Najcz\u0119\u015bciej biega si\u0119 od konfesjona\u0142u do konfesjona\u0142u, z rekolekcji na rekolekcje. Dodatkowo zdarzy si\u0119 szko\u0142a, codzienne prace i obowi\u0105zki.<\/p>\n<p>Rekolekcje w parafii przebiega\u0142y spokojnie i owocnie. Dzi\u0119kuje ks. Adamowi i spowiednikom. To przez nich boli mnie r\u0119ka od rozdawania Komunii. Im bardziej boli, tym wi\u0119ksza rado\u015b\u0107&#8230; Przez 3 dni rekolekcji rozdali\u015bmy 1350 Komunii \u015bw. A w Niedziel\u0119 Palmow\u0105 (tydzie\u0144 po zako\u0144czeniu rekolekcji) Pan Jezus poszed\u0142 w go\u015bcin\u0119 do 520 os\u00f3b. W parafii mieszka 1320 os\u00f3b. Mam nadziej\u0119, \u017ce ta liczba przyjmuj\u0105cych Komuni\u0119 powi\u0119kszy si\u0119 do \u015bwi\u0105t. B\u0119d\u0119 czeka\u0142 w konfesjonale w Wielki Pi\u0105tek wieczorem.<\/p>\n<p>Mamy w centrum wsi tzw park. Rosn\u0105 w nim drzewa i stoj\u0105 toalety. W parku w tym tygodniu powiesimy stare, ale odrestaurowane stacji Drogi Krzy\u017cowej, znalezione w stodole. Najgorzej wygl\u0105da\u0142a stacja ostatnia (z\u0142o\u017cenie Pana Jezusa do grobu). By\u0142a mocno pot\u0142uczona &#8211; jakby walczy\u0142a i nie chcia\u0142a z\u0142o\u017cy\u0107 Jezusa do grobu. Na &#8222;stole operacyjnym&#8221; zosta\u0142a podleczona. Zreszt\u0105 ca\u0142a renowacja wygl\u0105da\u0142a jak wielka operacja. Swego czasu s\u0142u\u017cy\u0142a naszym przodkom. Niekt\u00f3rzy j\u0105 pami\u0119taj\u0105 z ko\u015bcio\u0142a. By\u0142a \u015bwiadkiem ludzkiego w\u0119drowania: tylu \u0142ez, cierpie\u0144, \u017calu, wsp\u00f3\u0142czucia, t\u0119sknoty, nawr\u00f3ce\u0144, dobrych my\u015bli czyn\u00f3w. I po tych &#8222;przej\u015bciach&#8221; ludzkich dr\u00f3g krzy\u017cowych, sta\u0142a si\u0119 mocno pot\u0142uczona. Szkoda, aby pozosta\u0142a niema&#8230; Da\u0142em jej szans\u0119, aby przem\u00f3wi\u0142a powt\u00f3rnie. Mo\u017ce komu\u015b co\u015b przypomni? Zwr\u00f3ci uwag\u0119? Nie b\u0119dzie schowana ani w stodole, ani nawet w ko\u015bciele. Ale b\u0119dzie \u015bwiadczy\u0107 o Jezusie &#8211; Zbawicielu w centrum wsi. Mo\u017ce poruszy sumienia przechodz\u0105cych obok, a nie zagl\u0105daj\u0105cych do \u015bwi\u0105tyni?<\/p>\n<p>Poniewa\u017c ju\u017c nied\u0142ugo beatyfikacja Jana Paw\u0142a II, to chcia\u0142em jako\u015b to wydarzenie upami\u0119tni\u0107 w naszej ma\u0142ej parafii. Poprosi\u0142em parafian, aby ka\u017cda rodzina znalaz\u0142a jeden \u015bredni (ok 80 cm obwodu) kamie\u0144 polny i przynios\u0142a go w Wielkim Tygodniu do parku. U\u0142o\u017cymy z nich r\u00f3\u017caniec papieski w \u015brodku parku. Posadzimy w \u015brodku d\u0105b papieski i podpiszemy pot\u0119\u017cny g\u0142az, kt\u00f3ry b\u0119dzie\u00a0 rozpoczyna\u0142 ten r\u00f3\u017caniec. To b\u0119dzie nasz dar na beatyfikacj\u0119. Park zostanie po\u015bwi\u0119cony b\u0142ogos\u0142awionemu Janowi Paw\u0142owi II w dniu jego beatyfikacji o godz. 15.00. I mam nadziej\u0119, \u017ce JP II nie obrazi si\u0119, \u017ce w parku rozpalimy ognisko i upieczemy kie\u0142baski&#8230;?<\/p>\n<p>Poszerzy si\u0119 przestrze\u0144 sacrum w Dulsku. Zapraszam na Drog\u0119 Krzy\u017cow\u0105 &#8211; Pot\u0142uczon\u0105 i na R\u00f3\u017caniec &#8211; Kamienisty do parku po\u015bwi\u0119conemu b\u0142ogos\u0142awionemu Janowi Paw\u0142owi II.<\/p>\n","protected":false},"excerpt":{"rendered":"<p>Wielki Post to wielkie zabieganie zw\u0142aszcza dla ksi\u0119\u017cy. St\u0105d pod moj\u0105 strzech\u0105 dawno mnie nie by\u0142o. Najcz\u0119\u015bciej biega si\u0119 od konfesjona\u0142u do konfesjona\u0142u, z rekolekcji na rekolekcje. Dodatkowo zdarzy si\u0119 szko\u0142a, codzienne prace i obowi\u0105zki. Rekolekcje w parafii przebiega\u0142y spokojnie i owocnie. Dzi\u0119kuje ks. Adamowi i spowiednikom. To przez nich boli mnie r\u0119ka od rozdawania [&hellip;]<\/p>\n","protected":false},"author":1,"featured_media":0,"comment_status":"open","ping_status":"closed","sticky":false,"template":"","format":"standard","meta":{"ngg_post_thumbnail":0},"categories":[1],"tags":[],"_links":{"self":[{"href":"https:\/\/umacieja.net\/blog\/index.php?rest_route=\/wp\/v2\/posts\/188"}],"collection":[{"href":"https:\/\/umacieja.net\/blog\/index.php?rest_route=\/wp\/v2\/posts"}],"about":[{"href":"https:\/\/umacieja.net\/blog\/index.php?rest_route=\/wp\/v2\/types\/post"}],"author":[{"embeddable":true,"href":"https:\/\/umacieja.net\/blog\/index.php?rest_route=\/wp\/v2\/users\/1"}],"replies":[{"embeddable":true,"href":"https:\/\/umacieja.net\/blog\/index.php?rest_route=%2Fwp%2Fv2%2Fcomments&post=188"}],"version-history":[{"count":0,"href":"https:\/\/umacieja.net\/blog\/index.php?rest_route=\/wp\/v2\/posts\/188\/revisions"}],"wp:attachment":[{"href":"https:\/\/umacieja.net\/blog\/index.php?rest_route=%2Fwp%2Fv2%2Fmedia&parent=188"}],"wp:term":[{"taxonomy":"category","embeddable":true,"href":"https:\/\/umacieja.net\/blog\/index.php?rest_route=%2Fwp%2Fv2%2Fcategories&post=188"},{"taxonomy":"post_tag","embeddable":true,"href":"https:\/\/umacieja.net\/blog\/index.php?rest_route=%2Fwp%2Fv2%2Ftags&post=188"}],"curies":[{"name":"wp","href":"https:\/\/api.w.org\/{rel}","templated":true}]}}