{"id":187,"date":"2011-03-30T21:01:34","date_gmt":"2011-03-30T19:01:34","guid":{"rendered":"http:\/\/www.umacieja.net\/blog\/?p=187"},"modified":"2011-03-31T09:01:29","modified_gmt":"2011-03-31T07:01:29","slug":"nad-moim-morskim-okiem","status":"publish","type":"post","link":"https:\/\/umacieja.net\/blog\/?p=187","title":{"rendered":"Nad moim Morskim Okiem."},"content":{"rendered":"<p style=\"text-align: center\"><img decoding=\"async\" loading=\"lazy\" src=\"http:\/\/umacieja.net\/galeria\/albums\/userpics\/Swi%C4%85tynia_046.jpg\" height=\"369\" width=\"492\" \/><\/p>\n<p>Dzisiaj powia\u0142o ju\u017c letnim powietrzem, wi\u0119c wyszed\u0142em z domu na podw\u00f3rze, siad\u0142em sobie na pie\u0144ku nad moim prywatnym Morskim Okiem i zat\u0119skni\u0142em za wakacjami i Tatrami. Nad moje Morskie Oko przylecia\u0142y te\u017c dwa anio\u0142y &#8211; mam nadziej\u0119, \u017ce Str\u00f3\u017ce! (znalezione w stodole, zapewne wys\u0142u\u017cy\u0142y si\u0119 ju\u017c w ko\u015bciele i posz\u0142y na emerytur\u0119).<\/p>\n<p>Rolnicy ruszyli na pola, to znak, \u017ce nied\u0142ugo rekolekcje wielkopostne. Czytam stare kroniki parafialne i zadziwiam si\u0119 \u017cyciem mieszka\u0144c\u00f3w mojej parafii sprzed p\u00f3\u0142 wieku. Niekt\u00f3re ludzkie zachowania przetrwa\u0142y w genach do dzi\u015b. Mo\u017ce kiedy\u015b o nich napisz\u0119&#8230;<\/p>\n<p>O rekolekcjach wielkopostnych w roku 1954 tak napisano: &#8222;Rekolekcje jak co rok cieszy\u0142y si\u0119 wielk\u0105 frekwencj\u0105 i szczeg\u00f3lnym uznaniem. Przeprowadzi\u0142 je O. Redemptorysta z Torunia. Ko\u015bci\u00f3\u0142 wype\u0142niony by\u0142 po brzegi, mimo \u017ce by\u0142y to dni powszednie, a w polu pilne prace siewne z powodu sp\u00f3\u017anionej wiosny. Na 1200 spowiadaj\u0105cych si\u0119 nie by\u0142o u spowiedzi i Komunii Wielkanocnej oko\u0142o 50 os\u00f3b. W ci\u0105gu rekolekcji rozdano 1500 Komunii \u015bw.&#8221; Parafia wtedy liczy\u0142a ok 1600 os\u00f3b &#8211; 400 rodzin.<\/p>\n<p>Dla wielu duszpasterzy w dzisiejszych (nie\u0142atwych &#8211; a kiedy by\u0142y \u0142atwe?) czasach, marzeniem by\u0142aby taka frekwencja na rekolekcjach i u spowiedzi,\u00a0 jak w Dulsku sprzed p\u00f3\u0142 wieku&#8230; Policzono dok\u0142adnie, bo by\u0142 niegdy\u015b zwyczaj liczenia tzw karteczek od spowiedzi.<\/p>\n<p>W tym roku postanowi\u0142em zaprosi\u0107 osobi\u015bcie wszystkich mieszka\u0144c\u00f3w parafii na rekolekcje i adoracj\u0119 w rocznic\u0119 \u015bmierci Jana Paw\u0142a II. Poprosi\u0142em dzieci, aby w swoich miejscowo\u015bciach roznios\u0142y do wszystkich dom\u00f3w moje zaproszenie. Wszyscy zatem parafianie &#8211; nawet ci, kt\u00f3rzy nie zagl\u0105daj\u0105 do ko\u015bcio\u0142a, zostali poinformowani i zaproszeni. Za Janem Paw\u0142em II o\u015bmiel\u0119 si\u0119 powt\u00f3rzy\u0107: &#8222;Szuka\u0142em Was, a Wy&#8230; Przyjdziecie?&#8221;. Czy jest dzisiaj wiara w narodzie, parafii, rodzinie? Zobaczymy, czy przodkowie z naszych parafii nas nie zawstydz\u0105?<\/p>\n","protected":false},"excerpt":{"rendered":"<p>Dzisiaj powia\u0142o ju\u017c letnim powietrzem, wi\u0119c wyszed\u0142em z domu na podw\u00f3rze, siad\u0142em sobie na pie\u0144ku nad moim prywatnym Morskim Okiem i zat\u0119skni\u0142em za wakacjami i Tatrami. Nad moje Morskie Oko przylecia\u0142y te\u017c dwa anio\u0142y &#8211; mam nadziej\u0119, \u017ce Str\u00f3\u017ce! (znalezione w stodole, zapewne wys\u0142u\u017cy\u0142y si\u0119 ju\u017c w ko\u015bciele i posz\u0142y na emerytur\u0119). Rolnicy ruszyli na [&hellip;]<\/p>\n","protected":false},"author":1,"featured_media":0,"comment_status":"open","ping_status":"closed","sticky":false,"template":"","format":"standard","meta":{"ngg_post_thumbnail":0},"categories":[1],"tags":[],"_links":{"self":[{"href":"https:\/\/umacieja.net\/blog\/index.php?rest_route=\/wp\/v2\/posts\/187"}],"collection":[{"href":"https:\/\/umacieja.net\/blog\/index.php?rest_route=\/wp\/v2\/posts"}],"about":[{"href":"https:\/\/umacieja.net\/blog\/index.php?rest_route=\/wp\/v2\/types\/post"}],"author":[{"embeddable":true,"href":"https:\/\/umacieja.net\/blog\/index.php?rest_route=\/wp\/v2\/users\/1"}],"replies":[{"embeddable":true,"href":"https:\/\/umacieja.net\/blog\/index.php?rest_route=%2Fwp%2Fv2%2Fcomments&post=187"}],"version-history":[{"count":0,"href":"https:\/\/umacieja.net\/blog\/index.php?rest_route=\/wp\/v2\/posts\/187\/revisions"}],"wp:attachment":[{"href":"https:\/\/umacieja.net\/blog\/index.php?rest_route=%2Fwp%2Fv2%2Fmedia&parent=187"}],"wp:term":[{"taxonomy":"category","embeddable":true,"href":"https:\/\/umacieja.net\/blog\/index.php?rest_route=%2Fwp%2Fv2%2Fcategories&post=187"},{"taxonomy":"post_tag","embeddable":true,"href":"https:\/\/umacieja.net\/blog\/index.php?rest_route=%2Fwp%2Fv2%2Ftags&post=187"}],"curies":[{"name":"wp","href":"https:\/\/api.w.org\/{rel}","templated":true}]}}