{"id":183,"date":"2011-03-05T23:21:21","date_gmt":"2011-03-05T21:21:21","guid":{"rendered":"http:\/\/www.umacieja.net\/blog\/?p=183"},"modified":"2011-03-05T23:27:48","modified_gmt":"2011-03-05T21:27:48","slug":"alpinisci-w-dulsku","status":"publish","type":"post","link":"https:\/\/umacieja.net\/blog\/?p=183","title":{"rendered":"Alpini\u015bci w Dulsku."},"content":{"rendered":"<p style=\"text-align: center\"><img decoding=\"async\" loading=\"lazy\" src=\"http:\/\/umacieja.net\/galeria\/albums\/userpics\/Klub_Stodo%C5%82a_043.jpg\" height=\"465\" width=\"351\" \/><\/p>\n<p>Podobno ludzie na wsi rozg\u0142aszali, \u017ce proboszcz buduje mosty&#8230; gdy zobaczyli mostek nad strumieniem wyp\u0142ywaj\u0105cym z Morskiego Oka, a kt\u00f3ry to zawis\u0142 na parafialnej stodole. Szczerze m\u00f3wi\u0105c, nie my\u015bla\u0142em o mostku, ale\u00a0 o tym, by stworzy\u0107 kawa\u0142ek Tatr w moim szarym otoczeniu. Posadzi\u0142em pod obrazkiem z Morskiego Oka krzaczki, po\u0142o\u017cy\u0142em kamienie, pnie drzew i widok prawie jak w Tatrach, tylko zapach nie ten&#8230; zw\u0142aszcza przedwio\u015bniem.<\/p>\n<p>Chcia\u0142oby si\u0119 zdobywa\u0107 szczyty: pi\u0119kna, dobra, mi\u0142o\u015bci, przebaczenia, dobra wsp\u00f3lnego, \u015bwi\u0119to\u015bci, \u015bwiat\u0142a. Ale \u017cycie codzienne \u015bci\u0105ga w d\u00f3\u0142, do nizin, b\u0142ota, mroku. Oto przyk\u0142ad: na terenie pewnej gminy powsta\u0142 pomys\u0142 pokazania \u015bwiatu tego, co ta gmina ma naj\u0142adniejszego: zabytk\u00f3w\u00a0 i to najstarszych, zachowanych dzi\u0119ki trosce KO\u015aCIO\u0141A. Okaza\u0142o si\u0119, \u017ce najstarsze i najbogatsze zabytki w gminie, to ko\u015bcio\u0142y. Po prostu nie ma innych.<\/p>\n<p>Wi\u0119c trzeba je pokaza\u0107, o\u015bwietli\u0107, pochwali\u0107 si\u0119 nimi, zabezpieczy\u0107, ochroni\u0107. Ale znale\u017ali si\u0119 podobno &#8222;zacni&#8221; mieszka\u0144cy tej gminy i zaprotestowali: &#8222;nie b\u0119dziemy ksi\u0119\u017com o\u015bwietla\u0107 ko\u015bcio\u0142\u00f3w&#8230;&#8221; &#8211; to typowy przyk\u0142ad my\u015blenia &#8222;Homo Sovieticus&#8221;. A mo\u017ce warto pomy\u015ble\u0107, \u017ce stary ko\u015bci\u00f3\u0142 &#8211; to jedyny ZABYTEK na tej trudnej, ciemniej, smutnej ziemi. \u017be warto o\u015bwieci\u0107 te smutne ciemno\u015bci i pokaza\u0107 drog\u0119 na szczyty&#8230;?! Przodkowie nie zastanawiali si\u0119 nad tym, czy go budowa\u0107 i utrzyma\u0107. Wiedzieli, \u017ce tak trzeba. Dobrze, \u017ce to nie dzieje si\u0119 w naszej gminie&#8230;<\/p>\n<p>Tyle jeszcze mo\u017cna dobra i pi\u0119kna obudzi\u0107 wok\u00f3\u0142 siebie. Ale trudno jest budowa\u0107 mosty, gdy rzeki nie \u0142\u0105cz\u0105, ale dziel\u0105&#8230;<\/p>\n<p>Czy Twoje rzeki \u0142\u0105cz\u0105?<\/p>\n","protected":false},"excerpt":{"rendered":"<p>Podobno ludzie na wsi rozg\u0142aszali, \u017ce proboszcz buduje mosty&#8230; gdy zobaczyli mostek nad strumieniem wyp\u0142ywaj\u0105cym z Morskiego Oka, a kt\u00f3ry to zawis\u0142 na parafialnej stodole. Szczerze m\u00f3wi\u0105c, nie my\u015bla\u0142em o mostku, ale\u00a0 o tym, by stworzy\u0107 kawa\u0142ek Tatr w moim szarym otoczeniu. Posadzi\u0142em pod obrazkiem z Morskiego Oka krzaczki, po\u0142o\u017cy\u0142em kamienie, pnie drzew i widok [&hellip;]<\/p>\n","protected":false},"author":1,"featured_media":0,"comment_status":"open","ping_status":"closed","sticky":false,"template":"","format":"standard","meta":{"ngg_post_thumbnail":0},"categories":[1],"tags":[],"_links":{"self":[{"href":"https:\/\/umacieja.net\/blog\/index.php?rest_route=\/wp\/v2\/posts\/183"}],"collection":[{"href":"https:\/\/umacieja.net\/blog\/index.php?rest_route=\/wp\/v2\/posts"}],"about":[{"href":"https:\/\/umacieja.net\/blog\/index.php?rest_route=\/wp\/v2\/types\/post"}],"author":[{"embeddable":true,"href":"https:\/\/umacieja.net\/blog\/index.php?rest_route=\/wp\/v2\/users\/1"}],"replies":[{"embeddable":true,"href":"https:\/\/umacieja.net\/blog\/index.php?rest_route=%2Fwp%2Fv2%2Fcomments&post=183"}],"version-history":[{"count":0,"href":"https:\/\/umacieja.net\/blog\/index.php?rest_route=\/wp\/v2\/posts\/183\/revisions"}],"wp:attachment":[{"href":"https:\/\/umacieja.net\/blog\/index.php?rest_route=%2Fwp%2Fv2%2Fmedia&parent=183"}],"wp:term":[{"taxonomy":"category","embeddable":true,"href":"https:\/\/umacieja.net\/blog\/index.php?rest_route=%2Fwp%2Fv2%2Fcategories&post=183"},{"taxonomy":"post_tag","embeddable":true,"href":"https:\/\/umacieja.net\/blog\/index.php?rest_route=%2Fwp%2Fv2%2Ftags&post=183"}],"curies":[{"name":"wp","href":"https:\/\/api.w.org\/{rel}","templated":true}]}}