{"id":180,"date":"2011-02-01T13:59:26","date_gmt":"2011-02-01T11:59:26","guid":{"rendered":"http:\/\/www.umacieja.net\/blog\/?p=180"},"modified":"2011-02-01T23:54:55","modified_gmt":"2011-02-01T21:54:55","slug":"swiatlo-na-oswiecenie-pogan","status":"publish","type":"post","link":"https:\/\/umacieja.net\/blog\/?p=180","title":{"rendered":"\u015awiat\u0142o na o\u015bwiecenie pogan."},"content":{"rendered":"<p><img decoding=\"async\" loading=\"lazy\" src=\"http:\/\/umacieja.net\/galeria\/albums\/userpics\/Obraz_015%7E0.jpg\" height=\"328\" width=\"492\" \/><\/p>\n<p>Go\u0142ym okiem wida\u0107, \u017ce Europa staje si\u0119 hospicjum wiary. Podobno brat Roger zapyta\u0142 30 lat temu Papie\u017ca, kiedy wyprowadzi si\u0119 z Watykanu. Jan Pawe\u0142 II odpowiedzia\u0142, \u017ce on to nie zd\u0105\u017cy, ale jego nast\u0119pcy&#8230;? Kto\u015b podj\u0105\u0142 temat i zamarzy\u0142, aby przenie\u015b\u0107 Stolic\u0119 Apostolsk\u0105\u00a0 do Rio de Janeiro albo do Buenos Aires, bo tam toczy si\u0119 prawdziwe \u017cycie Ko\u015bcio\u0142a.<\/p>\n<p>Nie potrzeba jecha\u0107 daleko za granice. Wystarczy popatrze\u0107 na ostatnie 20 lat \u017cycia religijnego w Polsce. W \u015bwiecie wiary i jej praktykowania oraz moralno\u015bci, wiele zmieni\u0142o si\u0119 na gorsze. Nie b\u0119d\u0119 wchodzi\u0142 w szczeg\u00f3\u0142y, ale nazw\u0119 t\u0119 rzeczywisto\u015b\u0107 bardziej poga\u0144sk\u0105 ni\u017c chrze\u015bcija\u0144sk\u0105.<\/p>\n<p>Potrzebujemy coraz bardziej \u015bwiat\u0142a, kt\u00f3re nas ogrzeje i wska\u017ce drog\u0119. Zawsze jest nim Jezus Chrystus. I Ko\u015bci\u00f3\u0142 &#8211; Jego Cia\u0142o, prowadz\u0105cy konsekwentnie do \u017ar\u00f3d\u0142a: do sakrament\u00f3w. Zawsze lubi\u0142em to tajemnicze \u015awi\u0119to Matki Bo\u017cej Gromnicznej, kiedy idziemy do \u015bwi\u0105ty\u0144 z gromnicami po \u015bwiat\u0142o. Czterdziestego dnia po narodzinach,\u00a0 Maryja i \u015bw. J\u00f3zef, przynie\u015bli Jezusa do \u015bwi\u0105tyni, aby Go ofiarowa\u0107 Bogu. Starzec Symeon, gdy zobaczy\u0142 Jezusa w \u015bwi\u0105tyni, nazwa\u0142 Go: &#8222;\u015awiat\u0142em na o\u015bwiecenie pogan&#8221;.<\/p>\n<p>Moja uczennica z kl. I (7-8 lat), rzuci\u0142a niedawno taki tekst: &#8222;A ja kiedy\u015b to by\u0142am niewierz\u0105ca! Ale teraz, to ju\u017c wierz\u0119&#8230;&#8221;. Mo\u017cna powiedzie\u0107, \u017ce ma\u0142a &#8222;poganka&#8221; zosta\u0142a o\u015bwiecona \u015bwiat\u0142em wiary. To w\u0142a\u015bciwa kolejno\u015b\u0107. Gorzej, gdy kto\u015b by\u0142 na drodze wiary, a gdzie\u015b j\u0105 zatraci\u0142. Bo zabrak\u0142o \u015bwiat\u0142a&#8230;<\/p>\n<p>Czego dzi\u015b najbardziej oczekujesz od Ko\u015bcio\u0142a?<\/p>\n","protected":false},"excerpt":{"rendered":"<p>Go\u0142ym okiem wida\u0107, \u017ce Europa staje si\u0119 hospicjum wiary. Podobno brat Roger zapyta\u0142 30 lat temu Papie\u017ca, kiedy wyprowadzi si\u0119 z Watykanu. Jan Pawe\u0142 II odpowiedzia\u0142, \u017ce on to nie zd\u0105\u017cy, ale jego nast\u0119pcy&#8230;? Kto\u015b podj\u0105\u0142 temat i zamarzy\u0142, aby przenie\u015b\u0107 Stolic\u0119 Apostolsk\u0105\u00a0 do Rio de Janeiro albo do Buenos Aires, bo tam toczy si\u0119 [&hellip;]<\/p>\n","protected":false},"author":1,"featured_media":0,"comment_status":"open","ping_status":"closed","sticky":false,"template":"","format":"standard","meta":{"ngg_post_thumbnail":0},"categories":[1],"tags":[],"_links":{"self":[{"href":"https:\/\/umacieja.net\/blog\/index.php?rest_route=\/wp\/v2\/posts\/180"}],"collection":[{"href":"https:\/\/umacieja.net\/blog\/index.php?rest_route=\/wp\/v2\/posts"}],"about":[{"href":"https:\/\/umacieja.net\/blog\/index.php?rest_route=\/wp\/v2\/types\/post"}],"author":[{"embeddable":true,"href":"https:\/\/umacieja.net\/blog\/index.php?rest_route=\/wp\/v2\/users\/1"}],"replies":[{"embeddable":true,"href":"https:\/\/umacieja.net\/blog\/index.php?rest_route=%2Fwp%2Fv2%2Fcomments&post=180"}],"version-history":[{"count":0,"href":"https:\/\/umacieja.net\/blog\/index.php?rest_route=\/wp\/v2\/posts\/180\/revisions"}],"wp:attachment":[{"href":"https:\/\/umacieja.net\/blog\/index.php?rest_route=%2Fwp%2Fv2%2Fmedia&parent=180"}],"wp:term":[{"taxonomy":"category","embeddable":true,"href":"https:\/\/umacieja.net\/blog\/index.php?rest_route=%2Fwp%2Fv2%2Fcategories&post=180"},{"taxonomy":"post_tag","embeddable":true,"href":"https:\/\/umacieja.net\/blog\/index.php?rest_route=%2Fwp%2Fv2%2Ftags&post=180"}],"curies":[{"name":"wp","href":"https:\/\/api.w.org\/{rel}","templated":true}]}}