{"id":177,"date":"2011-01-14T23:04:34","date_gmt":"2011-01-14T21:04:34","guid":{"rendered":"http:\/\/www.umacieja.net\/blog\/?p=177"},"modified":"2011-01-16T14:03:57","modified_gmt":"2011-01-16T12:03:57","slug":"szczesliwe-okno-on-jest-oknem","status":"publish","type":"post","link":"https:\/\/umacieja.net\/blog\/?p=177","title":{"rendered":"Szcz\u0119\u015bliwe okno. ON JEST OKNEM."},"content":{"rendered":"<p style=\"text-align: center\"><img decoding=\"async\" loading=\"lazy\" src=\"http:\/\/umacieja.net\/galeria\/albums\/userpics\/Obraz_2_457.jpg\" height=\"524\" width=\"393\" \/><\/p>\n<p>Wreszcie co\u015b dobrego przekaza\u0142y media! Ostatnie tygodnie, miesi\u0105ce by\u0142y trudne dla nas&#8230;Prorok Jan Pawe\u0142 II powsta\u0142 i przem\u00f3wi\u0142: &#8222;Nie b\u00f3jcie si\u0119!&#8221; Tego wielkiego kraju na wschodzie, nieudolnego rz\u0105du RP, \u015bmierci bohater\u00f3w, szyderc\u00f3w i b\u0142azn\u00f3w, bandyt\u00f3w i inaczej my\u015bl\u0105cych, kochaj\u0105cych, light-owych katolik\u00f3w, nijakich i wrednych&#8230;<\/p>\n<p>On lubi\u0142 przemawia\u0107 przez okno. S\u0142ucha\u0142em Go w P\u0142ocku w roku 1991, gdy razem z Mam\u0105 i m\u0142odzie\u017c\u0105 wys\u0142uchali\u015bmy jego s\u0142\u00f3w, wypowiedzianych pod oknem rezydencji Biskupa P\u0142ockiego: <em>&#8222;Chcia\u0142em  wam jeszcze raz powiedzie\u0107 to, co powiedzia\u0142em z tamtej strony, \u017ce  papie\u017c jeszcze jako\u015b \u017cyje i b\u0119dzie \u017cy\u0142, dop\u00f3ki Pan B\u00f3g go b\u0119dzie  trzyma\u0142. A potem umrze, to znaczy narodzi si\u0119 do \u017cycia wiecznego. A mam  nadziej\u0119 w mi\u0142osierdziu Bo\u017cym i waszej modlitwie. Zacz\u0119li\u015bmy po tamtej  stronie Apel Jasnog\u00f3rski, poniewa\u017c ten Apel, kt\u00f3ry zosta\u0142 zainaugurowany  w okresie milenium, tysi\u0105clecia chrztu, dzisiaj jest nadal w swojej  tre\u015bci aktualny. Mo\u017ce nawet na nowo aktualny. Dlatego niech ca\u0142y P\u0142ock  \u015bpiewa, zwr\u00f3cony my\u015bl\u0105 i sercem do Kr\u00f3lowej Polski, Pani Jasnog\u00f3rskiej.  Niech \u015bpiewa wraz ze mn\u0105.&#8221;<\/em><\/p>\n<p>Niech ca\u0142y P\u0142ock \u015bpiewa&#8230; wraz z NIM! ON jest Oknem, wielkim Darem, Prorokiem, \u015awi\u0119tym. Bez okna trudno \u017cy\u0107! Dzi\u0119ki Ci Bo\u017ce, za dar okna Jana Paw\u0142a II, ku wieczno\u015bci.<\/p>\n<p>Pom\u00f3dl si\u0119 do Boga przez okno Jana Paw\u0142a II.\u00a0 Co zawdzi\u0119czasz Jego Osobie? Bo Jego beatyfikacja, w 20 rocznic\u0119 pobytu w P\u0142ocku, jest nam dana i zadana!<\/p>\n","protected":false},"excerpt":{"rendered":"<p>Wreszcie co\u015b dobrego przekaza\u0142y media! Ostatnie tygodnie, miesi\u0105ce by\u0142y trudne dla nas&#8230;Prorok Jan Pawe\u0142 II powsta\u0142 i przem\u00f3wi\u0142: &#8222;Nie b\u00f3jcie si\u0119!&#8221; Tego wielkiego kraju na wschodzie, nieudolnego rz\u0105du RP, \u015bmierci bohater\u00f3w, szyderc\u00f3w i b\u0142azn\u00f3w, bandyt\u00f3w i inaczej my\u015bl\u0105cych, kochaj\u0105cych, light-owych katolik\u00f3w, nijakich i wrednych&#8230; On lubi\u0142 przemawia\u0107 przez okno. S\u0142ucha\u0142em Go w P\u0142ocku w roku [&hellip;]<\/p>\n","protected":false},"author":1,"featured_media":0,"comment_status":"open","ping_status":"closed","sticky":false,"template":"","format":"standard","meta":{"ngg_post_thumbnail":0},"categories":[1],"tags":[],"_links":{"self":[{"href":"https:\/\/umacieja.net\/blog\/index.php?rest_route=\/wp\/v2\/posts\/177"}],"collection":[{"href":"https:\/\/umacieja.net\/blog\/index.php?rest_route=\/wp\/v2\/posts"}],"about":[{"href":"https:\/\/umacieja.net\/blog\/index.php?rest_route=\/wp\/v2\/types\/post"}],"author":[{"embeddable":true,"href":"https:\/\/umacieja.net\/blog\/index.php?rest_route=\/wp\/v2\/users\/1"}],"replies":[{"embeddable":true,"href":"https:\/\/umacieja.net\/blog\/index.php?rest_route=%2Fwp%2Fv2%2Fcomments&post=177"}],"version-history":[{"count":0,"href":"https:\/\/umacieja.net\/blog\/index.php?rest_route=\/wp\/v2\/posts\/177\/revisions"}],"wp:attachment":[{"href":"https:\/\/umacieja.net\/blog\/index.php?rest_route=%2Fwp%2Fv2%2Fmedia&parent=177"}],"wp:term":[{"taxonomy":"category","embeddable":true,"href":"https:\/\/umacieja.net\/blog\/index.php?rest_route=%2Fwp%2Fv2%2Fcategories&post=177"},{"taxonomy":"post_tag","embeddable":true,"href":"https:\/\/umacieja.net\/blog\/index.php?rest_route=%2Fwp%2Fv2%2Ftags&post=177"}],"curies":[{"name":"wp","href":"https:\/\/api.w.org\/{rel}","templated":true}]}}