{"id":176,"date":"2011-01-13T23:18:42","date_gmt":"2011-01-13T21:18:42","guid":{"rendered":"http:\/\/www.umacieja.net\/blog\/?p=176"},"modified":"2011-01-14T16:46:17","modified_gmt":"2011-01-14T14:46:17","slug":"sciezki-zarosniete","status":"publish","type":"post","link":"https:\/\/umacieja.net\/blog\/?p=176","title":{"rendered":"\u015acie\u017cki zaro\u015bni\u0119te&#8230;"},"content":{"rendered":"<p style=\"text-align: center\"><img decoding=\"async\" loading=\"lazy\" src=\"http:\/\/umacieja.net\/galeria\/albums\/userpics\/Kalisz_OTK_09_215.jpg\" height=\"369\" width=\"492\" \/><\/p>\n<p>Kol\u0119duj\u0119. Gwiazda jeszcze \u015bwieci na ko\u015bciele. Wskazuje drog\u0119. Czasy nasze s\u0105 nadzwyczaj szybkie i ciekawe? Nawet na wsi ludzie maj\u0105\/nie maj\u0105\/ mniej czasu. Kiedy\u015b to&#8230; (magiczne s\u0142owo) ludzie \u017cyli inaczej. Mieli wi\u0119cej czasu, dzieci, rado\u015bci, spotka\u0144. Dzisiaj na wsi \u015bcie\u017cki od domu do domu zaros\u0142y chwastami. Dawniej wida\u0107 by\u0142o wij\u0105ce si\u0119 \u015bcie\u017cki przez pola, bo ludzie szli do siebie, by si\u0119 spotka\u0107; pogada\u0107, pogra\u0107 w karty, wypi\u0107 herbat\u0119, poopowiada\u0107 historie dawne. Dzisiaj jeden siedzi w Internecie, drugi w oborze i \u015bwiata poza ni\u0105 nie widzi, trzeci si\u0119 chowa na strychu przed ksi\u0119dzem &#8211; bo ma co\u015b na sumieniu, czwarty pijany czeka na kol\u0119d\u0119, wi\u0119c go odprowadzam do domu&#8230;Tacy s\u0105 niekt\u00f3rzy\u00a0 moi Parafianie! Ale nie wszyscy&#8230; s\u0105 i tacy, kt\u00f3rzy czekaj\u0105, czuwaj\u0105, wspieraj\u0105. Poczytaj\u0105 Bibli\u0119, pomodl\u0105 si\u0119,\u00a0 nakarmi\u0105, na wynos dadz\u0105 wa\u0142\u00f3wk\u0119&#8230; Wielki szacunek dla Nich! Takie \u015bcie\u017cki buduj\u0105, nie zarastaj\u0105&#8230;<\/p>\n<p>Po drugiej wizycie duszpasterskiej w mojej parafii, mam wra\u017cenie, \u017ce Ewangelia w niekt\u00f3rych domach, nie jest tu znana od lat&#8230; Czytanie tekstu\u00a0 Biblii na kol\u0119dzie sprawia\u00a0 wra\u017cenie, \u017ce to nie pokarm, nie codzienno\u015b\u0107, ale stres&#8230; Cz\u0119sto nie ma kto przeczyta\u0107. A s\u0105 i tacy, kt\u00f3rzy nie maj\u0105 Biblii w domu&#8230; Gdyby ludzie J\u0105 znali i \u017cyli Ewangeli\u0105, to nie k\u0142\u00f3ciliby si\u0119 ze sob\u0105, nie s\u0105dzili, nie oskar\u017cali, a odwiedzali si\u0119, rozmawiali i wspierali. Wa\u017cna jest prawda, bo ona wyzwala, ale prawda po\u0142\u0105czona z mi\u0142o\u015bci\u0105, a nie z nienawi\u015bci\u0105.<\/p>\n<p>A jak z Twoimi \u015bcie\u017ckami?<\/p>\n","protected":false},"excerpt":{"rendered":"<p>Kol\u0119duj\u0119. Gwiazda jeszcze \u015bwieci na ko\u015bciele. Wskazuje drog\u0119. Czasy nasze s\u0105 nadzwyczaj szybkie i ciekawe? Nawet na wsi ludzie maj\u0105\/nie maj\u0105\/ mniej czasu. Kiedy\u015b to&#8230; (magiczne s\u0142owo) ludzie \u017cyli inaczej. Mieli wi\u0119cej czasu, dzieci, rado\u015bci, spotka\u0144. Dzisiaj na wsi \u015bcie\u017cki od domu do domu zaros\u0142y chwastami. Dawniej wida\u0107 by\u0142o wij\u0105ce si\u0119 \u015bcie\u017cki przez pola, bo [&hellip;]<\/p>\n","protected":false},"author":1,"featured_media":0,"comment_status":"open","ping_status":"closed","sticky":false,"template":"","format":"standard","meta":{"ngg_post_thumbnail":0},"categories":[1],"tags":[],"_links":{"self":[{"href":"https:\/\/umacieja.net\/blog\/index.php?rest_route=\/wp\/v2\/posts\/176"}],"collection":[{"href":"https:\/\/umacieja.net\/blog\/index.php?rest_route=\/wp\/v2\/posts"}],"about":[{"href":"https:\/\/umacieja.net\/blog\/index.php?rest_route=\/wp\/v2\/types\/post"}],"author":[{"embeddable":true,"href":"https:\/\/umacieja.net\/blog\/index.php?rest_route=\/wp\/v2\/users\/1"}],"replies":[{"embeddable":true,"href":"https:\/\/umacieja.net\/blog\/index.php?rest_route=%2Fwp%2Fv2%2Fcomments&post=176"}],"version-history":[{"count":0,"href":"https:\/\/umacieja.net\/blog\/index.php?rest_route=\/wp\/v2\/posts\/176\/revisions"}],"wp:attachment":[{"href":"https:\/\/umacieja.net\/blog\/index.php?rest_route=%2Fwp%2Fv2%2Fmedia&parent=176"}],"wp:term":[{"taxonomy":"category","embeddable":true,"href":"https:\/\/umacieja.net\/blog\/index.php?rest_route=%2Fwp%2Fv2%2Fcategories&post=176"},{"taxonomy":"post_tag","embeddable":true,"href":"https:\/\/umacieja.net\/blog\/index.php?rest_route=%2Fwp%2Fv2%2Ftags&post=176"}],"curies":[{"name":"wp","href":"https:\/\/api.w.org\/{rel}","templated":true}]}}