{"id":175,"date":"2011-01-05T22:29:15","date_gmt":"2011-01-05T20:29:15","guid":{"rendered":"http:\/\/www.umacieja.net\/blog\/?p=175"},"modified":"2011-01-06T09:38:36","modified_gmt":"2011-01-06T07:38:36","slug":"truskawkowo","status":"publish","type":"post","link":"https:\/\/umacieja.net\/blog\/?p=175","title":{"rendered":"Truskawkowo."},"content":{"rendered":"<p style=\"text-align: center\"><img decoding=\"async\" loading=\"lazy\" src=\"http:\/\/umacieja.net\/galeria\/albums\/userpics\/Owoce_lata_007.jpg\" height=\"369\" width=\"492\" \/><\/p>\n<p>G\u0142\u0119boka i gro\u017ana zima trzyma w obj\u0119ciach moj\u0105 parafi\u0119. Do miasta trudno dojecha\u0107, bo koleiny, l\u00f3d na drodze, samoch\u00f3d ta\u0144czy na lodzie (te\u017c mia\u0142em taki taniec samochodem; dobrze, \u017ce nikt nie jecha\u0142!). Ju\u017c t\u0119skni\u0119 za wiosn\u0105. M\u00f3wi\u0105, \u017ce odwil\u017c idzie&#8230; oby pozosta\u0142a na zawsze! Posadzi\u0142bym co\u015b w ogrodzie, zasia\u0142 warzywa, pospacerowa\u0142 we wiosennym s\u0142o\u0144cu. I na t\u0119 okoliczno\u015b\u0107, si\u0119gn\u0105\u0142em do zamra\u017carki po TRUSKAWKI. Jaka rado\u015b\u0107: w \u015brodku zimy zajada\u0107 truskawki z w\u0142asnego ogr\u00f3dka. I jest z czego si\u0119 cieszy\u0107&#8230;<\/p>\n<p>A kol\u0119da trwa. Sanie szykuj\u0105 na sobot\u0119. Rozpoznaj\u0119 ju\u017c Parafian na kol\u0119dzie, tych, kt\u00f3rzy s\u0105 w ko\u015bciele. Znam Ich. Mi\u0142o si\u0119 robi na sercu wtedy. Najgorzej, gdy zapewniaj\u0105 wszyscy w domu, \u017ce chodz\u0105 do ko\u015bcio\u0142a w niedziele (k\u0142ami\u0105 w \u017cywe oczy). Bo gdyby wszyscy przyszli, to ko\u015bci\u00f3\u0142 w Dulsku i kaplica w Soko\u0142owie nie pomie\u015bci\u0142yby ich. A jest tyle miejsca wolnego w \u015bwi\u0105tyni podczas mszy! Dlaczego ludzie k\u0142ami\u0105 na kol\u0119dzie?<\/p>\n<p>Jutro Uroczysto\u015b\u0107 Objawienia Pa\u0144skiego, inaczej &#8222;Trzech Kr\u00f3li&#8221;. B\u0119dziemy \u015bwi\u0119towa\u0107 objawienie, \u017ce Jezus Chrystus jest Panem i Zbawicielem. To wielkie \u015bwi\u0119towanie dla nas&#8230; a w mediach gadaj\u0105, \u017ce ludzie w Polsce maj\u0105 kolejny d\u0142ugi weekend! Polska straci tysi\u0105ce z\u0142otych. A moi Parafianie i tak musz\u0105 da\u0107 je\u015b\u0107 swoim \u015bwinkom i krowom. Wolnego nie maj\u0105. Czy przyjd\u0105 do Jezusa? Co przynios\u0105? Jakie dary? Z\u0142oto, kadzid\u0142o, mirr\u0119&#8230;? Co Ty mo\u017cesz ofiarowa\u0107 Bogu?<\/p>\n<p>B\u0105d\u017a m\u0105dry i szukaj Boga! Jak to czynili Trzej Kr\u00f3lowie. On przynosi zbawienie ca\u0142emu \u015bwiatu i Tobie. I sam b\u0105d\u017a darem.<\/p>\n","protected":false},"excerpt":{"rendered":"<p>G\u0142\u0119boka i gro\u017ana zima trzyma w obj\u0119ciach moj\u0105 parafi\u0119. Do miasta trudno dojecha\u0107, bo koleiny, l\u00f3d na drodze, samoch\u00f3d ta\u0144czy na lodzie (te\u017c mia\u0142em taki taniec samochodem; dobrze, \u017ce nikt nie jecha\u0142!). Ju\u017c t\u0119skni\u0119 za wiosn\u0105. M\u00f3wi\u0105, \u017ce odwil\u017c idzie&#8230; oby pozosta\u0142a na zawsze! Posadzi\u0142bym co\u015b w ogrodzie, zasia\u0142 warzywa, pospacerowa\u0142 we wiosennym s\u0142o\u0144cu. I [&hellip;]<\/p>\n","protected":false},"author":1,"featured_media":0,"comment_status":"open","ping_status":"closed","sticky":false,"template":"","format":"standard","meta":{"ngg_post_thumbnail":0},"categories":[1],"tags":[],"_links":{"self":[{"href":"https:\/\/umacieja.net\/blog\/index.php?rest_route=\/wp\/v2\/posts\/175"}],"collection":[{"href":"https:\/\/umacieja.net\/blog\/index.php?rest_route=\/wp\/v2\/posts"}],"about":[{"href":"https:\/\/umacieja.net\/blog\/index.php?rest_route=\/wp\/v2\/types\/post"}],"author":[{"embeddable":true,"href":"https:\/\/umacieja.net\/blog\/index.php?rest_route=\/wp\/v2\/users\/1"}],"replies":[{"embeddable":true,"href":"https:\/\/umacieja.net\/blog\/index.php?rest_route=%2Fwp%2Fv2%2Fcomments&post=175"}],"version-history":[{"count":0,"href":"https:\/\/umacieja.net\/blog\/index.php?rest_route=\/wp\/v2\/posts\/175\/revisions"}],"wp:attachment":[{"href":"https:\/\/umacieja.net\/blog\/index.php?rest_route=%2Fwp%2Fv2%2Fmedia&parent=175"}],"wp:term":[{"taxonomy":"category","embeddable":true,"href":"https:\/\/umacieja.net\/blog\/index.php?rest_route=%2Fwp%2Fv2%2Fcategories&post=175"},{"taxonomy":"post_tag","embeddable":true,"href":"https:\/\/umacieja.net\/blog\/index.php?rest_route=%2Fwp%2Fv2%2Ftags&post=175"}],"curies":[{"name":"wp","href":"https:\/\/api.w.org\/{rel}","templated":true}]}}