{"id":174,"date":"2011-01-01T22:45:50","date_gmt":"2011-01-01T20:45:50","guid":{"rendered":"http:\/\/www.umacieja.net\/blog\/?p=174"},"modified":"2011-01-01T22:45:50","modified_gmt":"2011-01-01T20:45:50","slug":"i-z-czego-sie-tu-cieszyc","status":"publish","type":"post","link":"https:\/\/umacieja.net\/blog\/?p=174","title":{"rendered":"I z czego si\u0119 tu cieszy\u0107&#8230;?"},"content":{"rendered":"<iframe width=\"500\" height=\"375\" src=\"https:\/\/www.youtube.com\/embed\/jKw1UjENgJc?feature=oembed\" frameborder=\"0\" allow=\"autoplay; encrypted-media\" allowfullscreen><\/iframe>\n<p>W Sylwestra i w Nowy Rok Polacy uroczy\u015bcie, z fajerwerkami i na balach, \u015bwi\u0119towali podwy\u017cszenie podatku VAT. Do\u0142\u0105czyli jeszcze kolejne intencje: z okazji ci\u0105gle rosn\u0105cych cen paliw, w\u0119gla, mia\u0142u, oleju opa\u0142owego, nawoz\u00f3w, chleba, us\u0142ug &#8211; a malej\u0105cych cen skupu \u017cywca na wsi. Czy ludzie tego nie widz\u0105? Dok\u0105d zmierzamy? Mieli\u015bmy by\u0107 Japoni\u0105, Irlandi\u0105, kim tam jeszcze? Rozmawia\u0142em z cz\u0142owiekiem, kt\u00f3ry pracuje w Szwajcarii. Pytam, jak si\u0119 tam \u017cyje ludziom? Szwajcaria by\u0142a i jest symbolem dobrobytu, wolno\u015bci, bogactwa. Mieszka\u0144cy tego pi\u0119knego kraju zarabiaj\u0105 o wiele wi\u0119cej ni\u017c my. Klimat maj\u0105 podobny do naszego &#8211; trzeba grza\u0107 zimow\u0105 por\u0105. Pal\u0105 drewnem, kt\u00f3rego maj\u0105 du\u017co. Grzej\u0105 domy olejem opa\u0142owym, bo to bardzo wygodny system grzewczy. Pytam, a ile kosztuje litr oleju opa\u0142owego w Szwajcarii? Przeliczy\u0142 i wysz\u0142o, \u017ce ok 1 z\u0142&#8230; A w naszym kraju: ponad 3 z\u0142 za litr! I kt\u00f3ry kraj jest bogatszy&#8230;? I to wieczne straszenie dziur\u0105 bud\u017cetow\u0105 na poziomie gminy, powiatu, pa\u0144stwa. Dok\u0105d zmierzamy? Je\u015bli kto\u015b \u017cyje za po\u017cyczone, to musi kiedy\u015b odda\u0107 i to wi\u0119cej ni\u017c po\u017cyczy\u0142. Niby proste&#8230;?<\/p>\n<p>Zn\u00f3w chodz\u0119 po kol\u0119dzie, wi\u0119c s\u0142ysz\u0119 i widz\u0119 ten nasz kraj od do\u0142u, z pierwszej linii frontu. Dobrze by\u0142oby, aby prezydent, premier, minister finans\u00f3w i rolnictwa, poszli kiedy\u015b na kol\u0119d\u0119: do odci\u0119tego od \u015bwiata Frankowa, przez g\u00f3ry i zaspy, do zawianych P\u00f3lek, do starzej\u0105cego si\u0119 Wilczewa, do popegeerowskiego Soko\u0142owa. Ci ludzie walcz\u0105 codziennie na pierwszej linii frontu, aby utrzyma\u0107 swoje rodziny, da\u0107 je\u015b\u0107 dzieciom i pos\u0142a\u0107 do szko\u0142y, by droga do domu by\u0142a przejezdna. W tych warunkach atmosferycznych, to codzienna walka z zawiejami, mrozem, lodem. Sam wiem, bo na kol\u0119dzie wypycha\u0142em samoch\u00f3d z zasp, jecha\u0142em ci\u0105gnikiem przez pola, bo drog\u0105 nie mo\u017cna by\u0142o przejecha\u0107, szed\u0142em pieszo przez zaspy.<\/p>\n<p>Nie do wszystkich dotar\u0142em. Obieca\u0142em, \u017ce jak zima p\u00f3jdzie sobie, przyjad\u0119 do nich rowerem.<\/p>\n<p>Ciesz\u0119 si\u0119 z tych kol\u0119dowych spotka\u0144. Na nowo odkrywam S\u0142owo Bo\u017ce, odczytywane przez domownik\u00f3w i wa\u017cne dla nich! To ma by\u0107 ich ulubione S\u0142owo Boga.\u00a0 Niesamowita cisza i wsp\u00f3lnota panuj\u0105 podczas czytania Biblii.<\/p>\n<p>Nikt, ani nic nie zniszczy tej rado\u015bci spotkania kol\u0119dowego. Pomimo wszystko, jest z czego si\u0119 cieszy\u0107&#8230;<\/p>\n","protected":false},"excerpt":{"rendered":"<p>W Sylwestra i w Nowy Rok Polacy uroczy\u015bcie, z fajerwerkami i na balach, \u015bwi\u0119towali podwy\u017cszenie podatku VAT. Do\u0142\u0105czyli jeszcze kolejne intencje: z okazji ci\u0105gle rosn\u0105cych cen paliw, w\u0119gla, mia\u0142u, oleju opa\u0142owego, nawoz\u00f3w, chleba, us\u0142ug &#8211; a malej\u0105cych cen skupu \u017cywca na wsi. Czy ludzie tego nie widz\u0105? Dok\u0105d zmierzamy? Mieli\u015bmy by\u0107 Japoni\u0105, Irlandi\u0105, kim tam [&hellip;]<\/p>\n","protected":false},"author":1,"featured_media":0,"comment_status":"open","ping_status":"closed","sticky":false,"template":"","format":"standard","meta":{"ngg_post_thumbnail":0},"categories":[1],"tags":[],"_links":{"self":[{"href":"https:\/\/umacieja.net\/blog\/index.php?rest_route=\/wp\/v2\/posts\/174"}],"collection":[{"href":"https:\/\/umacieja.net\/blog\/index.php?rest_route=\/wp\/v2\/posts"}],"about":[{"href":"https:\/\/umacieja.net\/blog\/index.php?rest_route=\/wp\/v2\/types\/post"}],"author":[{"embeddable":true,"href":"https:\/\/umacieja.net\/blog\/index.php?rest_route=\/wp\/v2\/users\/1"}],"replies":[{"embeddable":true,"href":"https:\/\/umacieja.net\/blog\/index.php?rest_route=%2Fwp%2Fv2%2Fcomments&post=174"}],"version-history":[{"count":0,"href":"https:\/\/umacieja.net\/blog\/index.php?rest_route=\/wp\/v2\/posts\/174\/revisions"}],"wp:attachment":[{"href":"https:\/\/umacieja.net\/blog\/index.php?rest_route=%2Fwp%2Fv2%2Fmedia&parent=174"}],"wp:term":[{"taxonomy":"category","embeddable":true,"href":"https:\/\/umacieja.net\/blog\/index.php?rest_route=%2Fwp%2Fv2%2Fcategories&post=174"},{"taxonomy":"post_tag","embeddable":true,"href":"https:\/\/umacieja.net\/blog\/index.php?rest_route=%2Fwp%2Fv2%2Ftags&post=174"}],"curies":[{"name":"wp","href":"https:\/\/api.w.org\/{rel}","templated":true}]}}