{"id":128,"date":"2009-12-29T23:17:03","date_gmt":"2009-12-29T21:17:03","guid":{"rendered":"http:\/\/www.xmj.livenet.pl\/blog\/?p=128"},"modified":"2011-03-08T13:09:43","modified_gmt":"2011-03-08T11:09:43","slug":"hej-koledy-to-czasmilosci-to-czas","status":"publish","type":"post","link":"https:\/\/umacieja.net\/blog\/?p=128","title":{"rendered":"Hej, kol\u0119dy to czas&#8230;! Mi\u0142o\u015bci to czas&#8230;"},"content":{"rendered":"<p style=\"text-align: center\"><img decoding=\"async\" loading=\"lazy\" src=\"http:\/\/www.parafiadulsk.pl\/galeria\/albums\/userpics\/10001\/Op%C5%82atki%2009%20250.jpg\" height=\"369\" width=\"492\" \/><\/p>\n<p>I zn\u00f3w kolejna kol\u0119da rozpocz\u0119ta. Ale inna. W kolejno\u015bci ju\u017c 18. Po raz pierwszy jako proboszcza parafii. Ro\u017cnica zasadnicza i bez por\u00f3wnania. To jest w\u0142a\u015bnie to! To dla proboszcza jest wa\u017cne, aby pozna\u0142 najlepiej jak mo\u017ce swoich Parafian. Czuje si\u0119 t\u0119 wi\u0119\u017a albo i nie &#8211; z parafi\u0105. Atmosfera mi\u0142a, przygotowania te\u017c, ale co z obietnic sk\u0142adanych pozostanie? Czy przyjdziecie do ko\u015bcio\u0142a? Wszyscy m\u00f3wi\u0105, \u017ce tak, \u017ce b\u0119d\u0105 przychodzi\u0107 do ko\u015bcio\u0142a, nawet, gdy nie ucz\u0119szczali, to obiecuj\u0105 popraw\u0119&#8230; Zobaczymy w ci\u0105gu roku warto\u015b\u0107 tych\u017ce zapewnie\u0144 i obietnic. Powa\u017cni ludzie nie ok\u0142amuj\u0105&#8230;Licz\u0119 na dane s\u0142owa!<\/p>\n<p>Zupe\u0142nie nie mog\u0119 zrozumie\u0107 tych, kt\u00f3rzy twierdz\u0105, \u017ce s\u0105 wierz\u0105cy, ale do ko\u015bcio\u0142a nie chodz\u0105. Jaki jest sens prze\u017cywania \u015bwi\u0105t, gdy nie przychodzi si\u0119 do ko\u015bcio\u0142a na Misterium Liturgii? Co mo\u017cna robi\u0107 i jak prze\u017cywa\u0107 \u015bwi\u0119ta, bez odniesienia do korzeni, do pocz\u0105tk\u00f3w, do Boga? Jak mo\u017cna pozosta\u0107 cz\u0142owiekiem bez&#8230; Boga? Jak by\u0107 \u015awiadkiem Mi\u0142o\u015bci?<\/p>\n<p>Dzisiaj odwiedzi\u0142 mnie m\u00f3j kolega i przyjaciel z rodzin\u0105. My\u015bl\u0119, \u017ce jest \u015awiadkiem Mi\u0142o\u015bci. Za\u0142atwi\u0142 w powiecie dotacj\u0119 na lekarstwa dla biednych &#8211; maj\u0105cych poni\u017cej 1000 z\u0142 dochodu emeryt\u00f3w i rencist\u00f3w. O tym si\u0119 nie pisze, nie m\u00f3wi, bo si\u0119 nale\u017cy&#8230; tak si\u0119 s\u0105dzi.\u00a0 On jest \u015awiadkiem Mi\u0142o\u015bci.<\/p>\n<p>Co to znaczy by\u0107 dzisiaj \u015awiadkiem Mi\u0142o\u015bci?<\/p>\n<p>ps pozdrawiam \u015bwiadk\u00f3w Mi\u0142o\u015bci z mojego\u00a0 kol\u0119dowania w parafii w Dulsku! Oni to czuj\u0105, wiedz\u0105, pomagaj\u0105. Dzi\u0119kuj\u0119.<br \/>\n<a href=\"http:\/\/www.parafiadulsk.livenet.pl\/galeria\/thumbnails.php?album=70\" target=\"_blank\"><br \/>\nFoto impresje kol\u0119dowe&gt;&gt;<\/a><\/p>\n","protected":false},"excerpt":{"rendered":"<p>I zn\u00f3w kolejna kol\u0119da rozpocz\u0119ta. Ale inna. W kolejno\u015bci ju\u017c 18. Po raz pierwszy jako proboszcza parafii. Ro\u017cnica zasadnicza i bez por\u00f3wnania. To jest w\u0142a\u015bnie to! To dla proboszcza jest wa\u017cne, aby pozna\u0142 najlepiej jak mo\u017ce swoich Parafian. Czuje si\u0119 t\u0119 wi\u0119\u017a albo i nie &#8211; z parafi\u0105. Atmosfera mi\u0142a, przygotowania te\u017c, ale co z [&hellip;]<\/p>\n","protected":false},"author":1,"featured_media":0,"comment_status":"open","ping_status":"closed","sticky":false,"template":"","format":"standard","meta":{"ngg_post_thumbnail":0},"categories":[1],"tags":[],"_links":{"self":[{"href":"https:\/\/umacieja.net\/blog\/index.php?rest_route=\/wp\/v2\/posts\/128"}],"collection":[{"href":"https:\/\/umacieja.net\/blog\/index.php?rest_route=\/wp\/v2\/posts"}],"about":[{"href":"https:\/\/umacieja.net\/blog\/index.php?rest_route=\/wp\/v2\/types\/post"}],"author":[{"embeddable":true,"href":"https:\/\/umacieja.net\/blog\/index.php?rest_route=\/wp\/v2\/users\/1"}],"replies":[{"embeddable":true,"href":"https:\/\/umacieja.net\/blog\/index.php?rest_route=%2Fwp%2Fv2%2Fcomments&post=128"}],"version-history":[{"count":0,"href":"https:\/\/umacieja.net\/blog\/index.php?rest_route=\/wp\/v2\/posts\/128\/revisions"}],"wp:attachment":[{"href":"https:\/\/umacieja.net\/blog\/index.php?rest_route=%2Fwp%2Fv2%2Fmedia&parent=128"}],"wp:term":[{"taxonomy":"category","embeddable":true,"href":"https:\/\/umacieja.net\/blog\/index.php?rest_route=%2Fwp%2Fv2%2Fcategories&post=128"},{"taxonomy":"post_tag","embeddable":true,"href":"https:\/\/umacieja.net\/blog\/index.php?rest_route=%2Fwp%2Fv2%2Ftags&post=128"}],"curies":[{"name":"wp","href":"https:\/\/api.w.org\/{rel}","templated":true}]}}