{"id":126,"date":"2009-12-08T22:42:16","date_gmt":"2009-12-08T20:42:16","guid":{"rendered":"http:\/\/www.xmj.livenet.pl\/blog\/?p=126"},"modified":"2011-03-08T13:10:09","modified_gmt":"2011-03-08T11:10:09","slug":"tesknota-adwentowa","status":"publish","type":"post","link":"https:\/\/umacieja.net\/blog\/?p=126","title":{"rendered":"T\u0119sknota adwentowa"},"content":{"rendered":"<p style=\"text-align: center\"><img decoding=\"async\" loading=\"lazy\" src=\"http:\/\/umacieja.net\/galeria\/albums\/userpics\/Zima_bis_09_080.jpg\" height=\"369\" width=\"492\" \/><\/p>\n<p>Dzisiaj na rekolekcjach w Tr\u0105binie, gdy wyszli\u015bmy na po\u0142udniow\u0105 Msz\u0119,\u00a0 zastanawiali\u015bmy si\u0119 z ksi\u0119\u017cmi, czy to nie rekolekcje wielkopostne? S\u0142o\u0144ce grzeje, trawa zielona, ciep\u0142o; nasuwa\u0142o si\u0119 pytanie: adwent to czy wielki post? Tak troch\u0119 to t\u0119skni\u0119 za \u015bnie\u017cn\u0105 zim\u0105. Pami\u0119tam te z dzieci\u0144stwa, gdy w ciemno\u015bci poranka grudniowego, po skrzypi\u0105cym \u015bniegu, bieg\u0142em na roraty do mro\u017anego ko\u015bcio\u0142a. To by\u0142 niesamowity klimat&#8230;T\u0119skni\u0119 za nim!<\/p>\n<p>By\u0142a te\u017c jedna gro\u017ana- mro\u017ana zima. Mia\u0142em lat 15. By\u0142a stan wojenny. W sklepach nic nie by\u0142o. Mama posz\u0142a w kolejk\u0119 do sklepu w godzin\u0119 policyjn\u0105, bo przywie\u017ali buty. Ok 4.00 nad ranem us\u0142ysza\u0142em szybkie kroki za oknem. Bieg\u0142a mama do domu, a za ni\u0105 \u017co\u0142nierze z karabinami. Szukali jej, bo z\u0142ama\u0142a zasady stanu wojennego. Koszmar czy wojna? To by\u0142o tak niedawno&#8230; zapomnieli\u015bmy ju\u017c? Za t\u0105 noc\u0105 nie t\u0119skni\u0119.<\/p>\n<p>Dzisiaj dosta\u0142em smsa: &#8222;Niech ksi\u0105dz podzieli si\u0119 na stronie swymi my\u015blami budz\u0105cymi nadziej\u0119 i rado\u015b\u0107. Prosz\u0119. Mi\u0142o\u015b\u0107 jest jest! Tu\u017c, tu\u017c&#8230;&#8221;<\/p>\n<p>Ot\u00f3\u017c: w ten czas adwentowy widz\u0119, \u017ce <strong>moje r\u0119ce staj\u0105 si\u0119 ko\u0142ysk\u0105 dla Jezusa<\/strong>. W konfesjonale &#8211; podczas wielu t\u0119sknych spowiedzi adwentowych, gdy rozgrzeszam. Podczas Mszy \u015bw. &#8211; gdy rozdaj\u0119 S\u0142owo, kt\u00f3re sta\u0142o si\u0119 Cia\u0142em. Gdy budujemy wsp\u00f3lnot\u0119 parafialn\u0105, tworz\u0105c miejsce spotka\u0144 &#8211; w r\u0119kach Waldka, Zbyszka, Ryszarda i tylu Innych dobrych ludzi&#8230; Szkoda, \u017ce nie uda\u0142o si\u0119 w tym roku o\u015bwietli\u0107 z zewn\u0105trz\u00a0 naszego zabytkowego ko\u015bcio\u0142a na Bo\u017ce Narodzenie. Mam obietnic\u0119, \u017ce w przysz\u0142y roku b\u0119dzie. Powsta\u0142o w gminie boisko &#8222;Orlika&#8221;, pi\u0119knie o\u015bwietlone i\u00a0 nie tanie &#8211; kosztowa\u0142o pewnie bardzo du\u017co.\u00a0 A mnie t\u0119skno, by nasz stary, zabytkowy ko\u015bci\u00f3\u0142 o\u015bwietli\u0107 cho\u0107by dwoma reflektorami&#8230;<\/p>\n<p>T\u0119skni\u0119 te\u017c, by na roraty i rekolekcje przychodzili Parafianie &#8211; by poczuli t\u0119sknot\u0119 za Mi\u0142o\u015bci\u0105,\u00a0 bo Mi\u0142o\u015b\u0107 jest tu\u017c, tu\u017c&#8230;<\/p>\n<p>ps Czy Twoje r\u0119ce s\u0105 ko\u0142ysk\u0105 dla Jezusa?<\/p>\n","protected":false},"excerpt":{"rendered":"<p>Dzisiaj na rekolekcjach w Tr\u0105binie, gdy wyszli\u015bmy na po\u0142udniow\u0105 Msz\u0119,\u00a0 zastanawiali\u015bmy si\u0119 z ksi\u0119\u017cmi, czy to nie rekolekcje wielkopostne? S\u0142o\u0144ce grzeje, trawa zielona, ciep\u0142o; nasuwa\u0142o si\u0119 pytanie: adwent to czy wielki post? Tak troch\u0119 to t\u0119skni\u0119 za \u015bnie\u017cn\u0105 zim\u0105. Pami\u0119tam te z dzieci\u0144stwa, gdy w ciemno\u015bci poranka grudniowego, po skrzypi\u0105cym \u015bniegu, bieg\u0142em na roraty do [&hellip;]<\/p>\n","protected":false},"author":1,"featured_media":0,"comment_status":"open","ping_status":"closed","sticky":false,"template":"","format":"standard","meta":{"ngg_post_thumbnail":0},"categories":[1],"tags":[],"_links":{"self":[{"href":"https:\/\/umacieja.net\/blog\/index.php?rest_route=\/wp\/v2\/posts\/126"}],"collection":[{"href":"https:\/\/umacieja.net\/blog\/index.php?rest_route=\/wp\/v2\/posts"}],"about":[{"href":"https:\/\/umacieja.net\/blog\/index.php?rest_route=\/wp\/v2\/types\/post"}],"author":[{"embeddable":true,"href":"https:\/\/umacieja.net\/blog\/index.php?rest_route=\/wp\/v2\/users\/1"}],"replies":[{"embeddable":true,"href":"https:\/\/umacieja.net\/blog\/index.php?rest_route=%2Fwp%2Fv2%2Fcomments&post=126"}],"version-history":[{"count":0,"href":"https:\/\/umacieja.net\/blog\/index.php?rest_route=\/wp\/v2\/posts\/126\/revisions"}],"wp:attachment":[{"href":"https:\/\/umacieja.net\/blog\/index.php?rest_route=%2Fwp%2Fv2%2Fmedia&parent=126"}],"wp:term":[{"taxonomy":"category","embeddable":true,"href":"https:\/\/umacieja.net\/blog\/index.php?rest_route=%2Fwp%2Fv2%2Fcategories&post=126"},{"taxonomy":"post_tag","embeddable":true,"href":"https:\/\/umacieja.net\/blog\/index.php?rest_route=%2Fwp%2Fv2%2Ftags&post=126"}],"curies":[{"name":"wp","href":"https:\/\/api.w.org\/{rel}","templated":true}]}}