{"id":125,"date":"2009-12-04T22:25:27","date_gmt":"2009-12-04T20:25:27","guid":{"rendered":"http:\/\/www.xmj.livenet.pl\/blog\/?p=125"},"modified":"2011-03-08T13:10:25","modified_gmt":"2011-03-08T11:10:25","slug":"osla-szkoda","status":"publish","type":"post","link":"https:\/\/umacieja.net\/blog\/?p=125","title":{"rendered":"Os\u0142a szkoda&#8230;"},"content":{"rendered":"<p style=\"text-align: center\"><img decoding=\"async\" loading=\"lazy\" src=\"http:\/\/umacieja.net\/galeria\/albums\/userpics\/Ziemia_Swi%C4%99ta_07_330.jpg\" height=\"368\" width=\"492\" \/><\/p>\n<p>&#8222;To si\u0119 w g\u0142owie nie mie\u015bci&#8221;, &#8222;zabicie norweskiego os\u0142a wstrz\u0105sn\u0119\u0142o ca\u0142a Polsk\u0105&#8221; &#8211; takie i podobne by\u0142y tytu\u0142y w mediach o zdarzeniu, kt\u00f3re mia\u0142o miejsce na terenie mojej parafii w ostatnim tygodniu. O tym zdarzeniu dowiedzia\u0142em si\u0119 od mojej Mamy, kt\u00f3ra \u015bledzi na bie\u017c\u0105co wiadomo\u015bci. Podali w g\u0142\u00f3wnym wydaniu wiadomo\u015bci, \u017ce w okolicach Golubia &#8211; Dobrzynia zamordowano osio\u0142ka. Potem dzieci w szkole mi opowiada\u0142y, \u017ce szkoda osio\u0142ka. A jeden z proboszcz\u00f3w okolicznych, to nawet g\u0142aska\u0142 osio\u0142ki w\u0119drowc\u00f3w z Norwegii, gdy przechodzili przez jego parafi\u0119.<\/p>\n<p>Os\u0142y wraz ze swymi w\u0142a\u015bcicielami Norwegami: Marianne Lovlie i jej m\u0119\u017cem Werner Fahrenholz, przemierzy\u0142y podobno ca\u0142\u0105 Europ\u0119 jako zwierz\u0119ta juczne. No i w Rumunkach Soko\u0142owskich kto\u015b (my\u015bliwy podczas polowania) zastrzeli\u0142 o\u015blic\u0119. Ka\u017cdy rozs\u0105dny cz\u0142owiek powie, \u017ce szkoda. W lasach poluj\u0105 my\u015bliwi &#8211; maj\u0105 prawo do tego. Nie spodziewali si\u0119 pewnie os\u0142a w lesie, by\u0142o ciemno, pewnie podobny by\u0142 do sarenki&#8230; itp. Mo\u017cna t\u0142umaczy\u0107 na ro\u017cne sposoby. W sumie to osio\u0142ek by\u0142 w stajence, gdy Jezus si\u0119 narodzi\u0142, osio\u0142kiem potem musia\u0142 ucieka\u0107 przed oprawcami do Egiptu, na osio\u0142ku wjecha\u0142 do Jerozolimy, aby tam umrze\u0107. Na Wschodzie wtedy by\u0142o to warto\u015bciowe zwierz\u0119: podobno warto\u015b\u0107 takiego os\u0142a por\u00f3wnywalna by\u0142a do ceny dzisiejszego mercedesa!<\/p>\n<p>Ale nie to najwa\u017cniejsze. U mnie w tym samym czasie Azor zam\u0119czy\u0142 na \u015bmier\u0107 kotka (tak si\u0119 nim bawi\u0142 ca\u0142\u0105 noc, \u017ce kot nie prze\u017cy\u0142). Potem zabili\u015bmy \u015bwink\u0119 &#8211; \u017ceby j\u0105 smacznie zje\u015b\u0107. Mo\u017cna rozpacza\u0107, rwa\u0107 w\u0142osy z g\u0142owy, wstrz\u0105sn\u0105\u0107 medialnie ca\u0142\u0105 Polsk\u0105 i Europ\u0105, szuka\u0107 sprawc\u00f3w, \u0142zy la\u0107 wiadrami &#8211; ka\u017cdy ma prawo w g\u0142owie nie pomie\u015bci\u0107 tego wszystkiego&#8230; Ale<\/p>\n<p>Pozostaje ALE<\/p>\n<p>Przewrotno\u015b\u0107 my\u015blenia niekt\u00f3rych, za\u015blepienie (to do dzisiejszej liturgii s\u0142owa: Mt 9, 27-31), poprawno\u015b\u0107 polityczna, czy medialne newsy chc\u0105 nas og\u0142upi\u0107? Ile dzieci umiera na tym \u015bwiecie: przez aborcj\u0119, in vitro, g\u0142\u00f3d, brak mi\u0142o\u015bci. Ilu starc\u00f3w umiera w samotno\u015bci i prosi o eutanazj\u0119? A zab\u00f3jstwa s\u0142owem, piraci drogowi, awantury domowe itp&#8230;<\/p>\n<p>Ale os\u0142a szkoda!!! To si\u0119 w g\u0142owie nie mie\u015bci&#8230;<\/p>\n","protected":false},"excerpt":{"rendered":"<p>&#8222;To si\u0119 w g\u0142owie nie mie\u015bci&#8221;, &#8222;zabicie norweskiego os\u0142a wstrz\u0105sn\u0119\u0142o ca\u0142a Polsk\u0105&#8221; &#8211; takie i podobne by\u0142y tytu\u0142y w mediach o zdarzeniu, kt\u00f3re mia\u0142o miejsce na terenie mojej parafii w ostatnim tygodniu. O tym zdarzeniu dowiedzia\u0142em si\u0119 od mojej Mamy, kt\u00f3ra \u015bledzi na bie\u017c\u0105co wiadomo\u015bci. Podali w g\u0142\u00f3wnym wydaniu wiadomo\u015bci, \u017ce w okolicach Golubia &#8211; [&hellip;]<\/p>\n","protected":false},"author":1,"featured_media":0,"comment_status":"open","ping_status":"closed","sticky":false,"template":"","format":"standard","meta":{"ngg_post_thumbnail":0},"categories":[1],"tags":[],"_links":{"self":[{"href":"https:\/\/umacieja.net\/blog\/index.php?rest_route=\/wp\/v2\/posts\/125"}],"collection":[{"href":"https:\/\/umacieja.net\/blog\/index.php?rest_route=\/wp\/v2\/posts"}],"about":[{"href":"https:\/\/umacieja.net\/blog\/index.php?rest_route=\/wp\/v2\/types\/post"}],"author":[{"embeddable":true,"href":"https:\/\/umacieja.net\/blog\/index.php?rest_route=\/wp\/v2\/users\/1"}],"replies":[{"embeddable":true,"href":"https:\/\/umacieja.net\/blog\/index.php?rest_route=%2Fwp%2Fv2%2Fcomments&post=125"}],"version-history":[{"count":0,"href":"https:\/\/umacieja.net\/blog\/index.php?rest_route=\/wp\/v2\/posts\/125\/revisions"}],"wp:attachment":[{"href":"https:\/\/umacieja.net\/blog\/index.php?rest_route=%2Fwp%2Fv2%2Fmedia&parent=125"}],"wp:term":[{"taxonomy":"category","embeddable":true,"href":"https:\/\/umacieja.net\/blog\/index.php?rest_route=%2Fwp%2Fv2%2Fcategories&post=125"},{"taxonomy":"post_tag","embeddable":true,"href":"https:\/\/umacieja.net\/blog\/index.php?rest_route=%2Fwp%2Fv2%2Ftags&post=125"}],"curies":[{"name":"wp","href":"https:\/\/api.w.org\/{rel}","templated":true}]}}