{"id":124,"date":"2009-11-27T22:12:28","date_gmt":"2009-11-27T20:12:28","guid":{"rendered":"http:\/\/www.xmj.livenet.pl\/blog\/?p=124"},"modified":"2011-03-08T13:10:37","modified_gmt":"2011-03-08T11:10:37","slug":"znaki-czasu-trzeba-sie-bronic","status":"publish","type":"post","link":"https:\/\/umacieja.net\/blog\/?p=124","title":{"rendered":"Znaki czasu; trzeba si\u0119 broni\u0107!"},"content":{"rendered":"<p style=\"text-align: center\"><img decoding=\"async\" loading=\"lazy\" src=\"http:\/\/umacieja.net\/galeria\/albums\/userpics\/Morze_09_086.jpg\" height=\"369\" width=\"492\" \/><\/p>\n<p>Bogu niech b\u0119d\u0105 dzi\u0119ki za uko\u0144czone RE-monty &#8211; cz\u0119\u015b\u0107 pierwsza&#8230;Czas pomieszka\u0107 i poczeka\u0107 na kolejny remont. Co jest znakiem naszej epoki?\u00a0 Zawrotne tempo \u017cycia, kryzys, zanika obecno\u015b\u0107 Boga, nasta\u0142 czas wielkich specjalizacji i tytu\u0142\u00f3w, wy\u015bcig szczur\u00f3w, wypalenie, znudzenie, kryzys ma\u0142\u017ce\u0144stwa i rodziny, egoizm,\u00a0 ucieczka od problem\u00f3w i odpowiedzialno\u015bci, pustka, brak sensu, zaprzestanie walki o&#8230;\u00a0 i walka z krzy\u017cem.<\/p>\n<p>No w\u0142a\u015bnie, kto stoi pod moim krzy\u017cem? Dwie kategorie ludzi: pierwsza, to Ci, kt\u00f3rzy kochaj\u0105 najbardziej i druga, to Ci, kt\u00f3rzy nienawidz\u0105 najbardziej&#8230;W kt\u00f3rej grupie Ty si\u0119 znajdziesz?<\/p>\n<p>Warto obejrze\u0107 imponuj\u0105cy film &#8222;Opowie\u015b\u0107 wigilijna&#8221; Dickensa w re\u017c R. Zameckisa, nakr\u0119cony w technice tr\u00f3jwymiarowej. Przes\u0142anie tego dzie\u0142a jest jasne: trzeba broni\u0107 \u015bwi\u0105t Bo\u017cego Narodzenia i czy tylko&#8230;? Czego bronisz?<\/p>\n","protected":false},"excerpt":{"rendered":"<p>Bogu niech b\u0119d\u0105 dzi\u0119ki za uko\u0144czone RE-monty &#8211; cz\u0119\u015b\u0107 pierwsza&#8230;Czas pomieszka\u0107 i poczeka\u0107 na kolejny remont. Co jest znakiem naszej epoki?\u00a0 Zawrotne tempo \u017cycia, kryzys, zanika obecno\u015b\u0107 Boga, nasta\u0142 czas wielkich specjalizacji i tytu\u0142\u00f3w, wy\u015bcig szczur\u00f3w, wypalenie, znudzenie, kryzys ma\u0142\u017ce\u0144stwa i rodziny, egoizm,\u00a0 ucieczka od problem\u00f3w i odpowiedzialno\u015bci, pustka, brak sensu, zaprzestanie walki o&#8230;\u00a0 i [&hellip;]<\/p>\n","protected":false},"author":1,"featured_media":0,"comment_status":"open","ping_status":"closed","sticky":false,"template":"","format":"standard","meta":{"ngg_post_thumbnail":0},"categories":[1],"tags":[],"_links":{"self":[{"href":"https:\/\/umacieja.net\/blog\/index.php?rest_route=\/wp\/v2\/posts\/124"}],"collection":[{"href":"https:\/\/umacieja.net\/blog\/index.php?rest_route=\/wp\/v2\/posts"}],"about":[{"href":"https:\/\/umacieja.net\/blog\/index.php?rest_route=\/wp\/v2\/types\/post"}],"author":[{"embeddable":true,"href":"https:\/\/umacieja.net\/blog\/index.php?rest_route=\/wp\/v2\/users\/1"}],"replies":[{"embeddable":true,"href":"https:\/\/umacieja.net\/blog\/index.php?rest_route=%2Fwp%2Fv2%2Fcomments&post=124"}],"version-history":[{"count":0,"href":"https:\/\/umacieja.net\/blog\/index.php?rest_route=\/wp\/v2\/posts\/124\/revisions"}],"wp:attachment":[{"href":"https:\/\/umacieja.net\/blog\/index.php?rest_route=%2Fwp%2Fv2%2Fmedia&parent=124"}],"wp:term":[{"taxonomy":"category","embeddable":true,"href":"https:\/\/umacieja.net\/blog\/index.php?rest_route=%2Fwp%2Fv2%2Fcategories&post=124"},{"taxonomy":"post_tag","embeddable":true,"href":"https:\/\/umacieja.net\/blog\/index.php?rest_route=%2Fwp%2Fv2%2Ftags&post=124"}],"curies":[{"name":"wp","href":"https:\/\/api.w.org\/{rel}","templated":true}]}}