{"id":118,"date":"2009-10-12T22:29:05","date_gmt":"2009-10-12T20:29:05","guid":{"rendered":"http:\/\/www.xmj.livenet.pl\/blog\/?p=118"},"modified":"2011-03-08T13:33:37","modified_gmt":"2011-03-08T11:33:37","slug":"moj-kosciol","status":"publish","type":"post","link":"https:\/\/umacieja.net\/blog\/?p=118","title":{"rendered":"M\u00f3j Ko\u015bci\u00f3\u0142"},"content":{"rendered":"<p style=\"text-align: center\"><img decoding=\"async\" loading=\"lazy\" src=\"http:\/\/umacieja.net\/galeria\/albums\/userpics\/R%C3%B3%C5%BCne_026.jpg\" height=\"369\" width=\"492\" \/><\/p>\n<p>Ciesz\u0119 si\u0119, gdy \u015bwiat\u0142o bije z okien mojego ko\u015bcio\u0142a; kto\u015b tam jest i poszukuje sensu. I serce si\u0119 raduje, gdy ko\u015bci\u00f3\u0142 wype\u0142niony jest lud\u017ami. Parafia moja nie jest wielka, ko\u015bci\u00f3\u0142 ma\u0142y (jeden z najmniejszych w diecezji) ale przytulny. Kochaj\u0105 go moi Parafianie. S\u0105 z niego dumni i odpowiedzialni za niego. Buduj\u0119 si\u0119 ich przywi\u0105zaniem do \u015bwi\u0105tyni. To wyj\u0105tkowe miejsce w naszej parafii.<\/p>\n<p>W niedziel\u0119 zawsze po Mszy \u015bw. Parafianie tworz\u0105 grupki i stoj\u0105 d\u0142ugo, rozmawiaj\u0105, ciesz\u0105 si\u0119 obecno\u015bci\u0105, martwi\u0105 si\u0119 problemami &#8211; \u017ce zbo\u017ce i hodowla zwierz\u0105t takie tanie w skupie w tym roku&#8230;zn\u00f3w zostali wykorzystani i oszukani? A w sklepach ceny rosn\u0105, wielcy tego \u015bwiata uprawiaj\u0105&#8221;za\u0142atwiactwo&#8221; i korumpuj\u0105 &#8211; a mia\u0142o by\u0107 tak pi\u0119knie&#8230; i cuda mia\u0142y by\u0107? Kto tak na prawd\u0119 przejmuje si\u0119 losem tych na dole? A podatki, sk\u0142adki, zbi\u00f3rki trzeba wnosi\u0107 i \u017cy\u0107 trzeba! Dzieci te\u017c trzeba wychowa\u0107, nauczy\u0107, nakarmi\u0107.<\/p>\n<p>M\u00f3j Ko\u015bci\u00f3\u0142 jest jak stara matka; mo\u017ce nie jest najpi\u0119kniejsza i najmodniejsza, ale niejedno prze\u017cy\u0142a i wie, co jest dobre dla dzieci. W ostatni\u0105 niedziel\u0119 odwiedzi\u0142o star\u0105 nasz\u0105 Matk\u0119 &#8211; Ko\u015bci\u00f3\u0142 w Dulsku &#8211; ok 33% parafian. Dzi\u0119kuj\u0119! Zapraszam do odwiedzin Matki.<\/p>\n<p>Kochasz sw\u00f3j Ko\u015bci\u00f3\u0142 &#8211; Matk\u0119?<\/p>\n","protected":false},"excerpt":{"rendered":"<p>Ciesz\u0119 si\u0119, gdy \u015bwiat\u0142o bije z okien mojego ko\u015bcio\u0142a; kto\u015b tam jest i poszukuje sensu. I serce si\u0119 raduje, gdy ko\u015bci\u00f3\u0142 wype\u0142niony jest lud\u017ami. Parafia moja nie jest wielka, ko\u015bci\u00f3\u0142 ma\u0142y (jeden z najmniejszych w diecezji) ale przytulny. Kochaj\u0105 go moi Parafianie. S\u0105 z niego dumni i odpowiedzialni za niego. Buduj\u0119 si\u0119 ich przywi\u0105zaniem do [&hellip;]<\/p>\n","protected":false},"author":1,"featured_media":0,"comment_status":"open","ping_status":"closed","sticky":false,"template":"","format":"standard","meta":{"ngg_post_thumbnail":0},"categories":[1],"tags":[],"_links":{"self":[{"href":"https:\/\/umacieja.net\/blog\/index.php?rest_route=\/wp\/v2\/posts\/118"}],"collection":[{"href":"https:\/\/umacieja.net\/blog\/index.php?rest_route=\/wp\/v2\/posts"}],"about":[{"href":"https:\/\/umacieja.net\/blog\/index.php?rest_route=\/wp\/v2\/types\/post"}],"author":[{"embeddable":true,"href":"https:\/\/umacieja.net\/blog\/index.php?rest_route=\/wp\/v2\/users\/1"}],"replies":[{"embeddable":true,"href":"https:\/\/umacieja.net\/blog\/index.php?rest_route=%2Fwp%2Fv2%2Fcomments&post=118"}],"version-history":[{"count":0,"href":"https:\/\/umacieja.net\/blog\/index.php?rest_route=\/wp\/v2\/posts\/118\/revisions"}],"wp:attachment":[{"href":"https:\/\/umacieja.net\/blog\/index.php?rest_route=%2Fwp%2Fv2%2Fmedia&parent=118"}],"wp:term":[{"taxonomy":"category","embeddable":true,"href":"https:\/\/umacieja.net\/blog\/index.php?rest_route=%2Fwp%2Fv2%2Fcategories&post=118"},{"taxonomy":"post_tag","embeddable":true,"href":"https:\/\/umacieja.net\/blog\/index.php?rest_route=%2Fwp%2Fv2%2Ftags&post=118"}],"curies":[{"name":"wp","href":"https:\/\/api.w.org\/{rel}","templated":true}]}}