{"id":114,"date":"2009-09-20T17:30:29","date_gmt":"2009-09-20T15:30:29","guid":{"rendered":"http:\/\/www.xmj.livenet.pl\/blog\/?p=114"},"modified":"2011-03-08T13:35:01","modified_gmt":"2011-03-08T11:35:01","slug":"dary-losu","status":"publish","type":"post","link":"https:\/\/umacieja.net\/blog\/?p=114","title":{"rendered":"Dary losu"},"content":{"rendered":"<p style=\"text-align: center\"><img decoding=\"async\" loading=\"lazy\" src=\"http:\/\/umacieja.net\/galeria\/albums\/userpics\/Uczniowie_109.jpg\" height=\"369\" width=\"492\" \/><\/p>\n<p>Jesie\u0144 zbli\u017ca si\u0119 powoli. Na wsi to wida\u0107. Zbo\u017ca zebrane, pola zaorane. Kilka dni temu, id\u0105c do ko\u015bcio\u0142a, spostrzeg\u0142em w moim ogrodzie co\u015b bia\u0142ego w trawie. By\u0142y to pieczarki. Dzi\u0119ki Ci Bo\u017ce za te dary losu; grzyby przysz\u0142y do mnie same. Polecam, bo\u00a0 \u015bwietnie smakuj\u0105 pieczarki sma\u017cone na patelni na wz\u00f3r schabowych.<\/p>\n<p>Ale nie  to najwa\u017cniejsze. Jesie\u0144, to te\u017c szko\u0142a i relacje z dzie\u0107mi. Obserwuj\u0119 moich uczni\u00f3w, pytam, rozmawiam. Modlimy si\u0119 o m\u0105dro\u015b\u0107. Dzisiaj \u015bw. Jakub m\u00f3wi\u0142, \u017ce jest ona czysta, ust\u0119pliwa, sk\u0142onna do zgody, pos\u0142uszna, pe\u0142na mi\u0142osierdzia i dobrych owoc\u00f3w, wolna od wzgl\u0119d\u00f3w ludzkich&#8230; W jednej z klas pyta\u0142em dzieci, co robi\u0105 ich rodzice. Dziewczynka podchodzi do mnie i m\u00f3wi ze smutkiem w oczach, \u017ce &#8222;mojego tat\u0119 to pani zabra\u0142a&#8230;&#8221;. Zamurowa\u0142o mnie. Nie wiedzia\u0142em, co powiedzie\u0107. Przekonuj\u0119 si\u0119 coraz bardziej, jak wielkim darem jest pe\u0142na, normalna rodzina!<\/p>\n<p>\u017bycie jest darem. Dzisiaj w ewangelii us\u0142yszeli\u015bmy argument koronny w ca\u0142ej dyskusji medialnej o &#8222;in vitro&#8221;. Jezus m\u00f3wi: &#8222;kto przyjmuje jedno z tych dzieci w imi\u0119 moje, ten Mnie przyjmuje&#8230;&#8221;. Embrion (tak m\u00f3wi\u0105 naukowcy o Dziecku pocz\u0119tym), to przecie\u017c Cz\u0142owiek. To dar. Za ka\u017cdy dar jestem wdzi\u0119czny Bogu!<\/p>\n<p>A co zrobi\u0107, aby by\u0107 darem?<\/p>\n","protected":false},"excerpt":{"rendered":"<p>Jesie\u0144 zbli\u017ca si\u0119 powoli. Na wsi to wida\u0107. Zbo\u017ca zebrane, pola zaorane. Kilka dni temu, id\u0105c do ko\u015bcio\u0142a, spostrzeg\u0142em w moim ogrodzie co\u015b bia\u0142ego w trawie. By\u0142y to pieczarki. Dzi\u0119ki Ci Bo\u017ce za te dary losu; grzyby przysz\u0142y do mnie same. Polecam, bo\u00a0 \u015bwietnie smakuj\u0105 pieczarki sma\u017cone na patelni na wz\u00f3r schabowych. Ale nie to [&hellip;]<\/p>\n","protected":false},"author":1,"featured_media":0,"comment_status":"open","ping_status":"closed","sticky":false,"template":"","format":"standard","meta":{"ngg_post_thumbnail":0},"categories":[1],"tags":[],"_links":{"self":[{"href":"https:\/\/umacieja.net\/blog\/index.php?rest_route=\/wp\/v2\/posts\/114"}],"collection":[{"href":"https:\/\/umacieja.net\/blog\/index.php?rest_route=\/wp\/v2\/posts"}],"about":[{"href":"https:\/\/umacieja.net\/blog\/index.php?rest_route=\/wp\/v2\/types\/post"}],"author":[{"embeddable":true,"href":"https:\/\/umacieja.net\/blog\/index.php?rest_route=\/wp\/v2\/users\/1"}],"replies":[{"embeddable":true,"href":"https:\/\/umacieja.net\/blog\/index.php?rest_route=%2Fwp%2Fv2%2Fcomments&post=114"}],"version-history":[{"count":0,"href":"https:\/\/umacieja.net\/blog\/index.php?rest_route=\/wp\/v2\/posts\/114\/revisions"}],"wp:attachment":[{"href":"https:\/\/umacieja.net\/blog\/index.php?rest_route=%2Fwp%2Fv2%2Fmedia&parent=114"}],"wp:term":[{"taxonomy":"category","embeddable":true,"href":"https:\/\/umacieja.net\/blog\/index.php?rest_route=%2Fwp%2Fv2%2Fcategories&post=114"},{"taxonomy":"post_tag","embeddable":true,"href":"https:\/\/umacieja.net\/blog\/index.php?rest_route=%2Fwp%2Fv2%2Ftags&post=114"}],"curies":[{"name":"wp","href":"https:\/\/api.w.org\/{rel}","templated":true}]}}