{"id":113,"date":"2009-09-05T23:30:05","date_gmt":"2009-09-05T21:30:05","guid":{"rendered":"http:\/\/www.xmj.livenet.pl\/blog\/?p=113"},"modified":"2011-03-08T13:35:14","modified_gmt":"2011-03-08T11:35:14","slug":"cale-stworzenie-wielbi-boga-dn-3","status":"publish","type":"post","link":"https:\/\/umacieja.net\/blog\/?p=113","title":{"rendered":"&#8222;Ca\u0142e stworzenie wielbi Boga!&#8221; Dn 3"},"content":{"rendered":"<p style=\"text-align: center\"><img decoding=\"async\" loading=\"lazy\" src=\"http:\/\/www.parafiadulsk.pl\/galeria\/albums\/userpics\/10001\/Dulsk%20i%20okolice%20048.jpg\" height=\"369\" width=\"492\" \/><\/p>\n<p>&#8222;B\u0142ogos\u0142awcie Pana wszystkie dzie\u0142a Pa\u0144skie&#8230; &#8221; &#8211; ta pie\u015b\u0144 przysz\u0142a mi na my\u015bl dzisiaj podczas \u015blubu. Po odebranej przysi\u0119dze ma\u0142\u017ce\u0144skiej id\u0119 przygotowa\u0107 dary eucharystyczne i widz\u0119, \u017ce czarny pies zagl\u0105da do ko\u015bcio\u0142a. Zajrza\u0142 i wr\u00f3ci\u0142. Potem zn\u00f3w wszed\u0142, jakby kogo\u015b szuka\u0142. Kto\u015b pod ch\u00f3rem pog\u0142aska\u0142 go, wi\u0119c si\u0119 o\u015bmieli\u0142 i pobieg\u0142 dalej, do o\u0142tarza. Patrz\u0119 i widz\u0119 mojego Azora. Przecie\u017c zamkn\u0105\u0142em go przed p\u00f3j\u015bciem do ko\u015bcio\u0142a&#8230; A co on tu robi, na mszy \u015blubnej? Podszed\u0142 do pa\u0144stwa m\u0142odych i k\u0142ad\u0142 si\u0119 u ich st\u00f3p. \u015awiadek go pog\u0142aska\u0142. Azor podbieg\u0142 do mnie i zacz\u0105\u0142 si\u0119 przymila\u0107. I jak tu dalej Msz\u0119 odprawia\u0107? Rado\u015b\u0107 zapanowa\u0142a w ko\u015bciele. Pan ko\u015bcielny zabra\u0142 psa i wyprowadzi\u0142 go na zewn\u0105trz. Ale po minucie zn\u00f3w pies znalaz\u0142 si\u0119 przy mnie. Ko\u015bcielny ponownie go wyprowadzi\u0142 i zamkn\u0105\u0142 w zakrystii. Tam Azor zacz\u0105\u0142 &#8222;\u015bpiewa\u0107&#8221; do ko\u0144ca Mszy&#8230;<\/p>\n<p>Dwa tygodnie temu &#8211; w niedziel\u0119, gdy wraca\u0142em ze Mszy \u015bw, spotka\u0142em mojego kota &#8211; &#8222;K\u0142opotka&#8221;. W\u0142a\u015bnie szed\u0142 w stron\u0119 \u015bwi\u0105tyni. Parafianie stoj\u0105cy przy bramie ko\u015bcielnej zagadn\u0119li, \u017ce mam pobo\u017cnego kota. Szed\u0142 do ko\u015bcio\u0142a. Ale niestety do dzi\u015b nie wr\u00f3ci\u0142&#8230;<\/p>\n<p>Nawet zwierz\u0119ta znaj\u0105 drog\u0119 do \u015bwi\u0105tyni! Zatem: &#8222;b\u0142ogos\u0142awcie Pana, dzikie zwierz\u0119ta i trzody&#8230;&#8221;<\/p>\n","protected":false},"excerpt":{"rendered":"<p>&#8222;B\u0142ogos\u0142awcie Pana wszystkie dzie\u0142a Pa\u0144skie&#8230; &#8221; &#8211; ta pie\u015b\u0144 przysz\u0142a mi na my\u015bl dzisiaj podczas \u015blubu. Po odebranej przysi\u0119dze ma\u0142\u017ce\u0144skiej id\u0119 przygotowa\u0107 dary eucharystyczne i widz\u0119, \u017ce czarny pies zagl\u0105da do ko\u015bcio\u0142a. Zajrza\u0142 i wr\u00f3ci\u0142. Potem zn\u00f3w wszed\u0142, jakby kogo\u015b szuka\u0142. Kto\u015b pod ch\u00f3rem pog\u0142aska\u0142 go, wi\u0119c si\u0119 o\u015bmieli\u0142 i pobieg\u0142 dalej, do o\u0142tarza. Patrz\u0119 [&hellip;]<\/p>\n","protected":false},"author":1,"featured_media":0,"comment_status":"open","ping_status":"closed","sticky":false,"template":"","format":"standard","meta":{"ngg_post_thumbnail":0},"categories":[1],"tags":[],"_links":{"self":[{"href":"https:\/\/umacieja.net\/blog\/index.php?rest_route=\/wp\/v2\/posts\/113"}],"collection":[{"href":"https:\/\/umacieja.net\/blog\/index.php?rest_route=\/wp\/v2\/posts"}],"about":[{"href":"https:\/\/umacieja.net\/blog\/index.php?rest_route=\/wp\/v2\/types\/post"}],"author":[{"embeddable":true,"href":"https:\/\/umacieja.net\/blog\/index.php?rest_route=\/wp\/v2\/users\/1"}],"replies":[{"embeddable":true,"href":"https:\/\/umacieja.net\/blog\/index.php?rest_route=%2Fwp%2Fv2%2Fcomments&post=113"}],"version-history":[{"count":0,"href":"https:\/\/umacieja.net\/blog\/index.php?rest_route=\/wp\/v2\/posts\/113\/revisions"}],"wp:attachment":[{"href":"https:\/\/umacieja.net\/blog\/index.php?rest_route=%2Fwp%2Fv2%2Fmedia&parent=113"}],"wp:term":[{"taxonomy":"category","embeddable":true,"href":"https:\/\/umacieja.net\/blog\/index.php?rest_route=%2Fwp%2Fv2%2Fcategories&post=113"},{"taxonomy":"post_tag","embeddable":true,"href":"https:\/\/umacieja.net\/blog\/index.php?rest_route=%2Fwp%2Fv2%2Ftags&post=113"}],"curies":[{"name":"wp","href":"https:\/\/api.w.org\/{rel}","templated":true}]}}