{"id":112,"date":"2009-09-02T18:16:44","date_gmt":"2009-09-02T16:16:44","guid":{"rendered":"http:\/\/www.xmj.livenet.pl\/blog\/?p=112"},"modified":"2011-03-08T13:35:26","modified_gmt":"2011-03-08T11:35:26","slug":"przytul-mnie","status":"publish","type":"post","link":"https:\/\/umacieja.net\/blog\/?p=112","title":{"rendered":"Przytul mnie!"},"content":{"rendered":"<p style=\"text-align: center\"><img decoding=\"async\" loading=\"lazy\" src=\"http:\/\/www.parafiadulsk.pl\/galeria\/albums\/userpics\/10001\/Rozpocz%C4%99cie%20roku%20szkolnego%2009%20020.jpg\" height=\"403\" width=\"302\" \/><\/p>\n<p>Zn\u00f3w kolejny rok szkolny rozpocz\u0119ty. W tym roku prze\u017cywa\u0142em go nieco inaczej &#8211; bardziej pracowicie. W mojej parafii s\u0105 dwie szko\u0142y podstawowe: jedna w Dulsku (44 osoby) i druga w Soko\u0142owie (21 os\u00f3b) + 2 przedszkola przy szko\u0142ach. Trzeba by\u0142o wi\u0119c odprawi\u0107 dwie Msze dla szk\u00f3\u0142. Zaskoczony mile zosta\u0142em kilka razy. W ostatni dzie\u0144 wakacji og\u0142osi\u0142em spowied\u017a dla dzieci od g. 16.00. Przychodz\u0119 do ko\u015bcio\u0142a i oczom nie wierz\u0119! Pe\u0142en ko\u015bci\u00f3\u0142 dzieci i m\u0142odzie\u017cy a tak\u017ce rodzic\u00f3w. Spowiada\u0142em 1,5 godziny. Po Mszy zaprosi\u0142em m\u0142odych na ognisko do parku przy ko\u015bciele. Po do\u017cynkach zosta\u0142o troch\u0119 jad\u0142a, kt\u00f3re przynie\u015bli rolnicy w procesji. Rodzice przywie\u017ali kie\u0142baski i napoje. Najedli\u015bmy si\u0119 i jeszcze zosta\u0142o na kolejne ognisko &#8211; tym razem z pieczonym ziemniakiem. Na ognisku zawi\u0105za\u0142a si\u0119 schola dzieci\u0119ca: 15 os\u00f3b. \u015apiewali na Mszy z okazji rozpocz\u0119cia roku szkolnego. B\u0119d\u0105 \u015bpiewa\u0107 na sta\u0142e podczas Mszy o 9.15.<\/p>\n<p>Dzisiaj mia\u0142em pierwsze lekcje w Soko\u0142owie. Bardzo mnie cieszy mo\u017cliwo\u015b\u0107\u00a0 indywidualnego podej\u015bcie do ucznia (gdy w klasie jest 3- 5 os\u00f3b&#8230;). Najtrudniej mi by\u0142o w I klasie, bo nie wiem, czy dzieci te ju\u017c potrafi\u0105 pisa\u0107. Pierwsza pr\u00f3ba uda\u0142a si\u0119! Napisali na kartkach trudne s\u0142owo: &#8222;katecheza&#8221; i moje nazwisko. Ale szybko wyci\u0105gn\u0119li kredki i zaproponowali, \u017ce mo\u017ce co\u015b namalujemy&#8230;No dobrze, tylko co? Ksi\u0119dza &#8211; m\u00f3wi\u0105 &#8211; i zacz\u0119li liczy\u0107 ile mam guzik\u00f3w przy sutannie, bo to wa\u017cny szczeg\u00f3\u0142 na rysunku. Wysz\u0142o na to, \u017ce mam 22 guziki &#8211; nawet nie wiedzia\u0142em&#8230; <a href=\"http:\/\/www.parafiadulsk.livenet.pl\/galeria\/thumbnails.php?album=34\">zobacz tutaj.<\/a><\/p>\n<p>Skoro mnie namalowali, to odwdzi\u0119czy\u0142em si\u0119 im i zrobi\u0142em fotk\u0119. P\u00f3\u017aniej przedstawili\u015bmy si\u0119. Zapyta\u0142em: na ile lat wygl\u0105dam? Kubu\u015b od razu wystrzeli\u0142: &#8222;na 80 lat ksi\u0105dz nie wygl\u0105da&#8230;&#8221; No to si\u0119 bardzo ucieszy\u0142em, \u017ce tak m\u0142odo wygl\u0105dam&#8230;<\/p>\n<p>Na zako\u0144czenie edukacji (po 3 godz. lekcyjnej) przychodzi pani z kuchni i wnosi nam obiad &#8211; ka\u017cdemu talerz z pysznym jedzonkiem; i nawet mi si\u0119 trafi\u0142o&#8230; Ugo\u015bcili mnie obiadem, kt\u00f3ry zjad\u0142em z dzie\u0107mi w klasie. Dzi\u0119kuj\u0119!<\/p>\n<p>Na Mszy, rozpoczynaj\u0105cej rok szkolny, kazanie m\u00f3wi\u0142em z moj\u0105 Ma\u0142gosi\u0105 &#8211; owieczk\u0105. Po Mszy podchodzi do mnie ma\u0142a dziewczynka z mam\u0105 i pyta, czy mo\u017ce przytuli\u0107 owieczk\u0119? Bo w czasie Mszy wstydzi\u0142a si\u0119 (t\u0142umaczy mama).<\/p>\n<p>ps Pan Jezus marzy o tym, \u017ceby by\u0107 przytulanym w sakramentach: na Mszy, spowiedzi, modlitwie&#8230; jak ta owieczka.<\/p>\n<p>Wszystkim moim Uczniom z lat minionych i obecnym &#8222;studentom&#8221; z Dulskiej parafii \u017cycz\u0119 b\u0142ogos\u0142awionego nowego roku szkolnego! Pozw\u00f3lcie si\u0119 przytuli\u0107 Jezusowi!<\/p>\n","protected":false},"excerpt":{"rendered":"<p>Zn\u00f3w kolejny rok szkolny rozpocz\u0119ty. W tym roku prze\u017cywa\u0142em go nieco inaczej &#8211; bardziej pracowicie. W mojej parafii s\u0105 dwie szko\u0142y podstawowe: jedna w Dulsku (44 osoby) i druga w Soko\u0142owie (21 os\u00f3b) + 2 przedszkola przy szko\u0142ach. Trzeba by\u0142o wi\u0119c odprawi\u0107 dwie Msze dla szk\u00f3\u0142. Zaskoczony mile zosta\u0142em kilka razy. W ostatni dzie\u0144 wakacji [&hellip;]<\/p>\n","protected":false},"author":1,"featured_media":0,"comment_status":"open","ping_status":"closed","sticky":false,"template":"","format":"standard","meta":{"ngg_post_thumbnail":0},"categories":[1],"tags":[],"_links":{"self":[{"href":"https:\/\/umacieja.net\/blog\/index.php?rest_route=\/wp\/v2\/posts\/112"}],"collection":[{"href":"https:\/\/umacieja.net\/blog\/index.php?rest_route=\/wp\/v2\/posts"}],"about":[{"href":"https:\/\/umacieja.net\/blog\/index.php?rest_route=\/wp\/v2\/types\/post"}],"author":[{"embeddable":true,"href":"https:\/\/umacieja.net\/blog\/index.php?rest_route=\/wp\/v2\/users\/1"}],"replies":[{"embeddable":true,"href":"https:\/\/umacieja.net\/blog\/index.php?rest_route=%2Fwp%2Fv2%2Fcomments&post=112"}],"version-history":[{"count":0,"href":"https:\/\/umacieja.net\/blog\/index.php?rest_route=\/wp\/v2\/posts\/112\/revisions"}],"wp:attachment":[{"href":"https:\/\/umacieja.net\/blog\/index.php?rest_route=%2Fwp%2Fv2%2Fmedia&parent=112"}],"wp:term":[{"taxonomy":"category","embeddable":true,"href":"https:\/\/umacieja.net\/blog\/index.php?rest_route=%2Fwp%2Fv2%2Fcategories&post=112"},{"taxonomy":"post_tag","embeddable":true,"href":"https:\/\/umacieja.net\/blog\/index.php?rest_route=%2Fwp%2Fv2%2Ftags&post=112"}],"curies":[{"name":"wp","href":"https:\/\/api.w.org\/{rel}","templated":true}]}}