{"id":109,"date":"2009-08-07T09:26:35","date_gmt":"2009-08-07T07:26:35","guid":{"rendered":"http:\/\/www.xmj.livenet.pl\/blog\/?p=109"},"modified":"2011-03-08T13:36:08","modified_gmt":"2011-03-08T11:36:08","slug":"imieniny-parafii","status":"publish","type":"post","link":"https:\/\/umacieja.net\/blog\/?p=109","title":{"rendered":"Imieniny Parafii"},"content":{"rendered":"<p style=\"text-align: center\"><img decoding=\"async\" loading=\"lazy\" src=\"http:\/\/umacieja.net\/galeria\/albums\/userpics\/Dulsk_056.jpg\" height=\"435\" width=\"326\" \/><\/p>\n<p>Ka\u017cda parafia jest pod wezwaniem; ma za patrona tajemnic\u0119 z \u017cycia Jezusa, Maryj\u0119, \u015bwi\u0119tego. To takie imi\u0119 parafii. Naszej wsp\u00f3lnocie parafialnej patronuje Maryja Wniebowzi\u0119ta. Uroczysto\u015b\u0107 Wniebowzi\u0119cia jest jednym z najwi\u0119kszych i najwa\u017cniejszych wydarze\u0144 w historii zbawienia. 15 sierpnia w wielu ko\u015bcio\u0142ach odbywaj\u0105 si\u0119 odpusty. I w naszym te\u017c&#8230; powinien si\u0119 odby\u0107 odpust. Dziwne to dla mnie, \u017ce Matka Bo\u017ca Wniebowzi\u0119ta &#8211; g\u0142\u00f3wna patronka parafii nie ma swoich imienin w Dulsku. Czy Ona jest gorsza od innych&#8230;? To tak jakby\u015bmy zapomnieli o imieninach czy urodzinach naszej ziemskiej matki.<\/p>\n<p>Mam sen. Marz\u0119 o tym, by 15 sierpnia by\u0142 w naszej parafii dniem wyj\u0105tkowym.\u00a0 Jest to dzie\u0144 ustawowo wolny od pracy. <strong>Zapraszam wi\u0119c na Imieniny do naszej Matki Wniebowzi\u0119tej do \u015bwi\u0105tyni w sobot\u0119 15 sierpnia na godz. 11.30 i 18.00. <\/strong>Przygotowa\u0142em kilka niespodzianek dla naszej Matki i dla Parafian. Bo na Imieniny wypada\u0142oby i\u015b\u0107 z prezentem&#8230;<\/p>\n<p>Zapraszam wszystkich: Parafian i Go\u015bci. Na Mszach \u015bw. w tym dniu odb\u0119dzie si\u0119 specjalne b\u0142ogos\u0142awie\u0144stwo os\u00f3b prze\u017cywaj\u0105cych w tym roku jubileusze, b\u0119dziemy si\u0119 modli\u0107 za Was i z Wami:<\/p>\n<p>Zapraszam rocznik 1991 na &#8222;Osiemnastk\u0119&#8221; &#8211; M\u0142odych, kt\u00f3rzy w tym roku przezywaj\u0105 swoje osiemnaste urodziny.<\/p>\n<p>Zapraszam jubilat\u00f3w &#8211; ma\u0142\u017conk\u00f3w, kt\u00f3rzy w tym roku prze\u017cywaj\u0105 swoje 10, 20, 25, 30, 40, 50 i dalej&#8230; lecie ma\u0142\u017ce\u0144stwa.<\/p>\n<p>Zapraszam te\u017c jubilat\u00f3w, obchodz\u0105cych w tym roku inne wa\u017cne rocznice &#8211; niekoniecznie &#8222;r\u00f3wne&#8221;(ma\u0142\u017ce\u0144stwa, narzecze\u0144stwa itp).<\/p>\n<p>Przyjd\u017acie do Matki na Imieniny. Zobaczymy J\u0105 w odnowionym wizerunku (wr\u00f3ci mam nadziej\u0119 do 15.08 jak to m\u00f3wi\u0105 od &#8222;kosmetyczki&#8221;)<\/p>\n<p>Marz\u0119, \u017ceby od 15.08 ruszy\u0142a nasza internetowa strona parafialna.<\/p>\n<p>Przed ka\u017cd\u0105 Msz\u0105 \u015bw. w tym dniu chcemy te\u017c zagra\u0107 i za\u015bpiewa\u0107 naszej Matce. Po\u015bwi\u0119cimy te\u017c wianki ze zb\u00f3\u017c, zi\u00f3\u0142 i kwiat\u00f3w. Najpi\u0119kniejsze zamieszcz\u0119 na stronie parafialnej.<\/p>\n<p>Nie mo\u017ce Was zabrakn\u0105\u0107. Dajcie Maryi sw\u00f3j czas, obecno\u015b\u0107, modlitw\u0119, jubileusz. Zapro\u015bcie Go\u015bci. B\u0119dziemy \u015bwi\u0119towa\u0107!<\/p>\n<p>Wasz proboszcz, ks. Maciej Jastrz\u0119bski<\/p>\n<p>ps. Czy lubicie \u015bwi\u0119towa\u0107 swoje imieniny, urodziny?<\/p>\n","protected":false},"excerpt":{"rendered":"<p>Ka\u017cda parafia jest pod wezwaniem; ma za patrona tajemnic\u0119 z \u017cycia Jezusa, Maryj\u0119, \u015bwi\u0119tego. To takie imi\u0119 parafii. Naszej wsp\u00f3lnocie parafialnej patronuje Maryja Wniebowzi\u0119ta. Uroczysto\u015b\u0107 Wniebowzi\u0119cia jest jednym z najwi\u0119kszych i najwa\u017cniejszych wydarze\u0144 w historii zbawienia. 15 sierpnia w wielu ko\u015bcio\u0142ach odbywaj\u0105 si\u0119 odpusty. I w naszym te\u017c&#8230; powinien si\u0119 odby\u0107 odpust. Dziwne to dla [&hellip;]<\/p>\n","protected":false},"author":1,"featured_media":0,"comment_status":"open","ping_status":"closed","sticky":false,"template":"","format":"standard","meta":{"ngg_post_thumbnail":0},"categories":[1],"tags":[],"_links":{"self":[{"href":"https:\/\/umacieja.net\/blog\/index.php?rest_route=\/wp\/v2\/posts\/109"}],"collection":[{"href":"https:\/\/umacieja.net\/blog\/index.php?rest_route=\/wp\/v2\/posts"}],"about":[{"href":"https:\/\/umacieja.net\/blog\/index.php?rest_route=\/wp\/v2\/types\/post"}],"author":[{"embeddable":true,"href":"https:\/\/umacieja.net\/blog\/index.php?rest_route=\/wp\/v2\/users\/1"}],"replies":[{"embeddable":true,"href":"https:\/\/umacieja.net\/blog\/index.php?rest_route=%2Fwp%2Fv2%2Fcomments&post=109"}],"version-history":[{"count":0,"href":"https:\/\/umacieja.net\/blog\/index.php?rest_route=\/wp\/v2\/posts\/109\/revisions"}],"wp:attachment":[{"href":"https:\/\/umacieja.net\/blog\/index.php?rest_route=%2Fwp%2Fv2%2Fmedia&parent=109"}],"wp:term":[{"taxonomy":"category","embeddable":true,"href":"https:\/\/umacieja.net\/blog\/index.php?rest_route=%2Fwp%2Fv2%2Fcategories&post=109"},{"taxonomy":"post_tag","embeddable":true,"href":"https:\/\/umacieja.net\/blog\/index.php?rest_route=%2Fwp%2Fv2%2Ftags&post=109"}],"curies":[{"name":"wp","href":"https:\/\/api.w.org\/{rel}","templated":true}]}}