{"id":107,"date":"2009-08-01T22:22:59","date_gmt":"2009-08-01T20:22:59","guid":{"rendered":"http:\/\/www.xmj.livenet.pl\/blog\/?p=107"},"modified":"2011-03-08T13:39:43","modified_gmt":"2011-03-08T11:39:43","slug":"on-tam-jest","status":"publish","type":"post","link":"https:\/\/umacieja.net\/blog\/?p=107","title":{"rendered":"ON tam jest!"},"content":{"rendered":"<p style=\"text-align: center\"><img decoding=\"async\" loading=\"lazy\" src=\"http:\/\/umacieja.net\/galeria\/albums\/userpics\/On_tu_jest_006.jpg\" height=\"360\" width=\"491\" \/><\/p>\n<p>Zbli\u017ca si\u0119 04 sierpnia &#8211; dzie\u0144 \u015bmierci Jana Vianneya (150 rocznica) &#8211; \u015bwi\u0119tego proboszcza z Ars. I dzie\u0144 moich urodzin &#8211; ju\u017c w parafii Dulsk. Dzisiaj by\u0142em na pielgrzymce rowerowej. Rano, o godz. 9.00 spotka\u0142o si\u0119 oko\u0142o 50 os\u00f3b przy figurze MB. Pierwsza sobota miesi\u0105ca sk\u0142ania do uwielbienia Niepokalanego Serca Maryi. To uczynili\u015bmy i pojechali\u015bmy do Ob\u00f3r, gdzie kr\u00f3luje Matka Bo\u017ca Bolesna. Od Matki Bo\u017cej Dulskiej (Niepokalanej &#8211; Wniebowzi\u0119tej) do Matki Bo\u017cej Oborskiej (Bolesnej i Szkaplerznej). Pogoda by\u0142a przecudna. S\u0142o\u0144ce, lekki powiew wiatru, pi\u0119kne widoki. Dzi\u0119kuj\u0119 Wam za t\u0119 pielgrzymk\u0119. <a href=\"http:\/\/umacieja.net\/galeria\/thumbnails.php?album=87\">Zdj\u0119cia z pielgrzymki &gt;&gt;<\/a><\/p>\n<p>Zawsze, gdy patrz\u0119 z mojego okna na ko\u015bci\u00f3\u0142, to widz\u0119 \u015bwiate\u0142ko przy tabernakulum w ko\u015bciele (ta ma\u0142a czerwona plamka na fotografii). I my\u015bl\u0119 wtedy o Proboszczu z Ars, kt\u00f3ry m\u00f3wi\u0142 proste i kr\u00f3tkie kazania; m. in. tak przemawia\u0142: <strong>&#8222;On Tam Jest!&#8221; <\/strong>&#8211; i wskazywa\u0142 na tabernakulum. Wystarczy\u0142o&#8230;?<\/p>\n<p>Czy wierzysz, \u017ce On tam jest? Alfa i Omega, Pocz\u0105tek i Koniec!<\/p>\n","protected":false},"excerpt":{"rendered":"<p>Zbli\u017ca si\u0119 04 sierpnia &#8211; dzie\u0144 \u015bmierci Jana Vianneya (150 rocznica) &#8211; \u015bwi\u0119tego proboszcza z Ars. I dzie\u0144 moich urodzin &#8211; ju\u017c w parafii Dulsk. Dzisiaj by\u0142em na pielgrzymce rowerowej. Rano, o godz. 9.00 spotka\u0142o si\u0119 oko\u0142o 50 os\u00f3b przy figurze MB. Pierwsza sobota miesi\u0105ca sk\u0142ania do uwielbienia Niepokalanego Serca Maryi. To uczynili\u015bmy i pojechali\u015bmy [&hellip;]<\/p>\n","protected":false},"author":1,"featured_media":0,"comment_status":"open","ping_status":"closed","sticky":false,"template":"","format":"standard","meta":{"ngg_post_thumbnail":0},"categories":[1],"tags":[],"_links":{"self":[{"href":"https:\/\/umacieja.net\/blog\/index.php?rest_route=\/wp\/v2\/posts\/107"}],"collection":[{"href":"https:\/\/umacieja.net\/blog\/index.php?rest_route=\/wp\/v2\/posts"}],"about":[{"href":"https:\/\/umacieja.net\/blog\/index.php?rest_route=\/wp\/v2\/types\/post"}],"author":[{"embeddable":true,"href":"https:\/\/umacieja.net\/blog\/index.php?rest_route=\/wp\/v2\/users\/1"}],"replies":[{"embeddable":true,"href":"https:\/\/umacieja.net\/blog\/index.php?rest_route=%2Fwp%2Fv2%2Fcomments&post=107"}],"version-history":[{"count":0,"href":"https:\/\/umacieja.net\/blog\/index.php?rest_route=\/wp\/v2\/posts\/107\/revisions"}],"wp:attachment":[{"href":"https:\/\/umacieja.net\/blog\/index.php?rest_route=%2Fwp%2Fv2%2Fmedia&parent=107"}],"wp:term":[{"taxonomy":"category","embeddable":true,"href":"https:\/\/umacieja.net\/blog\/index.php?rest_route=%2Fwp%2Fv2%2Fcategories&post=107"},{"taxonomy":"post_tag","embeddable":true,"href":"https:\/\/umacieja.net\/blog\/index.php?rest_route=%2Fwp%2Fv2%2Ftags&post=107"}],"curies":[{"name":"wp","href":"https:\/\/api.w.org\/{rel}","templated":true}]}}