{"id":106,"date":"2009-07-28T10:04:07","date_gmt":"2009-07-28T08:04:07","guid":{"rendered":"http:\/\/www.xmj.livenet.pl\/blog\/?p=106"},"modified":"2011-03-08T13:40:03","modified_gmt":"2011-03-08T11:40:03","slug":"z-gory-widziane","status":"publish","type":"post","link":"https:\/\/umacieja.net\/blog\/?p=106","title":{"rendered":"Z nieba widziane"},"content":{"rendered":"<p style=\"text-align: center\"><img decoding=\"async\" loading=\"lazy\" src=\"http:\/\/umacieja.net\/galeria\/albums\/userpics\/Dulsk_preparatio_bis_146.jpg\" height=\"370\" width=\"492\" \/><\/p>\n<p>Czas na wsi p\u0142ynie wolniej i \u017cyje si\u0119 spokojniej. Nie ma napi\u0119cia. Mo\u017ce i dlatego wolniej zabiera\u0142em si\u0119 do tego wpisu. Zreszt\u0105 po kolei. Miesi\u0105c ju\u017c min\u0105\u0142 od nominacji na\u00a0 proboszcza w Dulsku. By\u0142 to pracowity czas. Trzeba by\u0142o zakorzeni\u0107 si\u0119 w &#8222;dalekiej krainie&#8221;. Posz\u0142o sprawnie dzi\u0119ki pomocy wielu dobrych ludzi i anio\u0142\u00f3w. Najwi\u0119ksz\u0105 robot\u0119 wykonali: Robert (transport i elektryka), Zosia, Mirek, Jola, Darek, Marta, Agnieszka, Tomek i Artur (ekipa budowlano-remontowa). Dzi\u0119ki wielkie za serce i prac\u0119, kt\u00f3rej nigdy tu na wsi nie zabraknie. Zapraszam Was nie tylko do pracy ale i w go\u015bcin\u0119!<\/p>\n<p>Odby\u0142 si\u0119 ingres. I tu dzi\u0119kuj\u0119 Parafianom z Dulska za \u017cyczliwe przyj\u0119cie. Ksi\u0119\u017com z dekanatu wraz z Dziekanem &#8211; ks. Jarkiem za obecno\u015b\u0107 i wprowadzenie we wsp\u00f3lnot\u0119 dekanatu. A tak\u017ce ksi\u0119\u017com: Tadeuszowi, Eugeniuszowi, Adamowi, Andrzejowi, Wojciechowi. Dzi\u0119kuj\u0119 Go\u015bciom z Ciechanowa za wsparcie i obecno\u015b\u0107. Szczeg\u00f3lne wyrazy wdzi\u0119czno\u015bci kieruj\u0119 do Bogumi\u0142y i Marcina za &#8222;mocne&#8221; Ave Maria (do dzi\u015b nuc\u0105 w Dulsku).<\/p>\n<p>W\u0142adzom lokalnym: Staro\u015bcie, W\u00f3jtom, So\u0142tysom, Dyrekcji Szk\u00f3\u0142, Stra\u017cy Po\u017carnej- za wsparcie.<\/p>\n<p>Dzie\u0144 przed ingresem nad Dulskiem przesz\u0142a nawa\u0142nica. Powali\u0142a lip\u0119 przy ko\u015bciele, kt\u00f3ra zniszczy\u0142a kawa\u0142ek parkanu. Na polach rolnikom grad zniszczy\u0142 kukurydz\u0119, rzepak i zbo\u017ca. Teraz \u017cyjemy \u017cniwami. Modlimy si\u0119 o dobr\u0105 pogod\u0119, bo od niej wiele zale\u017cy.<\/p>\n<p>W sobot\u0119 pielgrzymujemy rowerami do Matki Bo\u017cej w niedalekich Oborach. W niedziel\u0119 go\u015bcimy na \u015bniadaniu pielgrzym\u00f3w z diecezji elbl\u0105skiej. A pod koniec sierpnia mo\u017ce uda si\u0119 pojecha\u0107 na pielgrzymk\u0119 na po\u0142udnie Polski &#8211; szlakiem Jana Paw\u0142a II. Zapraszam.<\/p>\n<p>Nie pisa\u0142em wcze\u015bniej, bo po prostu nie mog\u0142em: przeprowadzka, sprz\u0105tanie, brak dost\u0119pu do sieci, burze, brak pr\u0105du itp. Teraz opr\u00f3cz codziennych kap\u0142a\u0144skich zada\u0144 mam te\u017c inne zaj\u0119cia dodatkowe: np nakarmi\u0107 psa, pobawi\u0107 si\u0119 z nim, nakarmi\u0107 rybki w oczku wodnym (jest ich ok 50), wkr\u00f3tce b\u0119d\u0119 mie\u0107 \u0142ownego kota (obieca\u0142 ks. Tadeusz) &#8211; bo myszy po \u017cniwach b\u0119d\u0105 i\u015b\u0107 do domu. Mam ogr\u00f3d, sad, kawa\u0142 pola, stodo\u0142\u0119. Zaj\u0119\u0107 wi\u0119c nie brakuje. A zima idzie i trzeba zdoby\u0107 drzewa do kominka. Pracuj\u0119 te\u017c nad parafialn\u0105 stron\u0105 w internecie. Trzeba dobrze opisa\u0107 i uwieczni\u0107 obiektywem nasz\u0105 wsp\u00f3lnot\u0119.<\/p>\n<p>Dzi\u0119ki stra\u017cakom uda\u0142o mi si\u0119 spojrze\u0107 z g\u00f3ry na parafi\u0119 i zrobi\u0107 fotki. To troch\u0119 tak jak widzi nas Pana B\u00f3g i Wniebowzi\u0119ta. Z g\u00f3ry (z perspektywy nieba) widziany \u015bwiat jest pi\u0119kniejszy. A w Dulsku podobno jest wi\u0119cej nieba&#8230;<\/p>\n<p>Wszystkich\u00a0 odwiedzaj\u0105cych zapraszam do dzielenia si\u0119 tu swoim \u017cyciem i komentowania. Zw\u0142aszcza prosz\u0119 o to moich Parafian. Mi\u0142o b\u0119dzie mi go\u015bci\u0107 Was pod moj\u0105 strzech\u0105.<\/p>\n","protected":false},"excerpt":{"rendered":"<p>Czas na wsi p\u0142ynie wolniej i \u017cyje si\u0119 spokojniej. Nie ma napi\u0119cia. Mo\u017ce i dlatego wolniej zabiera\u0142em si\u0119 do tego wpisu. Zreszt\u0105 po kolei. Miesi\u0105c ju\u017c min\u0105\u0142 od nominacji na\u00a0 proboszcza w Dulsku. By\u0142 to pracowity czas. Trzeba by\u0142o zakorzeni\u0107 si\u0119 w &#8222;dalekiej krainie&#8221;. Posz\u0142o sprawnie dzi\u0119ki pomocy wielu dobrych ludzi i anio\u0142\u00f3w. Najwi\u0119ksz\u0105 robot\u0119 [&hellip;]<\/p>\n","protected":false},"author":1,"featured_media":0,"comment_status":"open","ping_status":"closed","sticky":false,"template":"","format":"standard","meta":{"ngg_post_thumbnail":0},"categories":[1],"tags":[],"_links":{"self":[{"href":"https:\/\/umacieja.net\/blog\/index.php?rest_route=\/wp\/v2\/posts\/106"}],"collection":[{"href":"https:\/\/umacieja.net\/blog\/index.php?rest_route=\/wp\/v2\/posts"}],"about":[{"href":"https:\/\/umacieja.net\/blog\/index.php?rest_route=\/wp\/v2\/types\/post"}],"author":[{"embeddable":true,"href":"https:\/\/umacieja.net\/blog\/index.php?rest_route=\/wp\/v2\/users\/1"}],"replies":[{"embeddable":true,"href":"https:\/\/umacieja.net\/blog\/index.php?rest_route=%2Fwp%2Fv2%2Fcomments&post=106"}],"version-history":[{"count":0,"href":"https:\/\/umacieja.net\/blog\/index.php?rest_route=\/wp\/v2\/posts\/106\/revisions"}],"wp:attachment":[{"href":"https:\/\/umacieja.net\/blog\/index.php?rest_route=%2Fwp%2Fv2%2Fmedia&parent=106"}],"wp:term":[{"taxonomy":"category","embeddable":true,"href":"https:\/\/umacieja.net\/blog\/index.php?rest_route=%2Fwp%2Fv2%2Fcategories&post=106"},{"taxonomy":"post_tag","embeddable":true,"href":"https:\/\/umacieja.net\/blog\/index.php?rest_route=%2Fwp%2Fv2%2Ftags&post=106"}],"curies":[{"name":"wp","href":"https:\/\/api.w.org\/{rel}","templated":true}]}}