{"id":105,"date":"2009-07-01T22:19:45","date_gmt":"2009-07-01T20:19:45","guid":{"rendered":"http:\/\/www.xmj.livenet.pl\/blog\/?p=105"},"modified":"2011-03-08T13:40:19","modified_gmt":"2011-03-08T11:40:19","slug":"mala-lodz-ubezpieczona","status":"publish","type":"post","link":"https:\/\/umacieja.net\/blog\/?p=105","title":{"rendered":"Ma\u0142a \u0142\u00f3d\u017a &#8211; ubezpieczona?"},"content":{"rendered":"<p style=\"text-align: center\"><img decoding=\"async\" loading=\"lazy\" src=\"http:\/\/umacieja.net\/galeria\/albums\/userpics\/xmj_143%7E0.jpg\" height=\"369\" width=\"492\" \/><\/p>\n<p>&#8222;Posadzi\u0142e\u015b mnie na ma\u0142\u0105 \u0142\u00f3d\u017a i popchn\u0105\u0142e\u015b na morski szlak. Gdzie\u015b w oddali jest drugi brzeg i przysta\u0144 Twa, czekam tam. Jak daleko jeszcze p\u0142yn\u0105\u0107 mam, czy wystarczy do ko\u0144ca si\u0142? Dobry Panie odpowiedz mi. Odpowiedz i dopom\u00f3\u017c mi. Pomy\u015blnym wiatrem i latarni\u0105 dla mnie b\u0105d\u017a. O\u015bwiecaj jasno moj\u0105 drog\u0119, dopom\u00f3\u017c w walce, z gro\u017an\u0105 fal\u0105, g\u0119st\u0105 mg\u0142\u0105. Os\u0142aniaj swoj\u0105 moc\u0105 mnie. Fale atakuj\u0105 moj\u0105 \u0142\u00f3d\u017a, ostry wiatr uderza w moj\u0105 twarz, czasem si\u0142 po prostu mi brak, wi\u0119c wo\u0142am mocy daj&#8230;&#8221;<\/p>\n<p>Czekam na Wasze informacje z wakacji; czego do\u015bwiadczacie wypoczywaj\u0105c, pracuj\u0105c, ucz\u0105c si\u0119? Ka\u017cd\u0105 informacj\u0119 i komentarz traktuj\u0119 jako wezwanie do modlitwy za Was. To spos\u00f3b polisy i ubezpieczenia na \u017cycie wieczne.<\/p>\n<p>Czy dbasz o ubezpieczenie na \u017cycie wieczne&#8230;?\u00a0 \u017bycz\u0119 dobrych i bezpiecznych wakacji&#8230;<\/p>\n","protected":false},"excerpt":{"rendered":"<p>&#8222;Posadzi\u0142e\u015b mnie na ma\u0142\u0105 \u0142\u00f3d\u017a i popchn\u0105\u0142e\u015b na morski szlak. Gdzie\u015b w oddali jest drugi brzeg i przysta\u0144 Twa, czekam tam. Jak daleko jeszcze p\u0142yn\u0105\u0107 mam, czy wystarczy do ko\u0144ca si\u0142? Dobry Panie odpowiedz mi. Odpowiedz i dopom\u00f3\u017c mi. Pomy\u015blnym wiatrem i latarni\u0105 dla mnie b\u0105d\u017a. O\u015bwiecaj jasno moj\u0105 drog\u0119, dopom\u00f3\u017c w walce, z gro\u017an\u0105 [&hellip;]<\/p>\n","protected":false},"author":1,"featured_media":0,"comment_status":"open","ping_status":"closed","sticky":false,"template":"","format":"standard","meta":{"ngg_post_thumbnail":0},"categories":[1],"tags":[],"_links":{"self":[{"href":"https:\/\/umacieja.net\/blog\/index.php?rest_route=\/wp\/v2\/posts\/105"}],"collection":[{"href":"https:\/\/umacieja.net\/blog\/index.php?rest_route=\/wp\/v2\/posts"}],"about":[{"href":"https:\/\/umacieja.net\/blog\/index.php?rest_route=\/wp\/v2\/types\/post"}],"author":[{"embeddable":true,"href":"https:\/\/umacieja.net\/blog\/index.php?rest_route=\/wp\/v2\/users\/1"}],"replies":[{"embeddable":true,"href":"https:\/\/umacieja.net\/blog\/index.php?rest_route=%2Fwp%2Fv2%2Fcomments&post=105"}],"version-history":[{"count":0,"href":"https:\/\/umacieja.net\/blog\/index.php?rest_route=\/wp\/v2\/posts\/105\/revisions"}],"wp:attachment":[{"href":"https:\/\/umacieja.net\/blog\/index.php?rest_route=%2Fwp%2Fv2%2Fmedia&parent=105"}],"wp:term":[{"taxonomy":"category","embeddable":true,"href":"https:\/\/umacieja.net\/blog\/index.php?rest_route=%2Fwp%2Fv2%2Fcategories&post=105"},{"taxonomy":"post_tag","embeddable":true,"href":"https:\/\/umacieja.net\/blog\/index.php?rest_route=%2Fwp%2Fv2%2Ftags&post=105"}],"curies":[{"name":"wp","href":"https:\/\/api.w.org\/{rel}","templated":true}]}}