{"id":104,"date":"2009-06-26T21:57:16","date_gmt":"2009-06-26T19:57:16","guid":{"rendered":"http:\/\/www.xmj.livenet.pl\/blog\/?p=104"},"modified":"2011-03-08T13:40:48","modified_gmt":"2011-03-08T11:40:48","slug":"moje-miasto","status":"publish","type":"post","link":"https:\/\/umacieja.net\/blog\/?p=104","title":{"rendered":"Moje &#8222;Miasto&#8221;&#8230;"},"content":{"rendered":"<p style=\"text-align: center\"><img decoding=\"async\" loading=\"lazy\" src=\"http:\/\/umacieja.net\/galeria\/albums\/userpics\/IMGP3572.JPG\" height=\"369\" width=\"492\" \/><\/p>\n<p>25 czerwca z\u0142o\u017cy\u0142em w Kurii Diecezjalnej wyznanie wiary: &#8222;wiar\u0105 mocn\u0105 wierz\u0119 we wszystkie i poszczeg\u00f3lne prawdy wiary zawarte w Symbolu wiary i wyznaj\u0119 je&#8230;&#8221;.Nast\u0119pnie przysi\u0119ga\u0142em wierno\u015b\u0107 Ko\u015bcio\u0142owi katolickiemu przy obj\u0119ciu nowego urz\u0119du. To by\u0142o mocne i wzruszaj\u0105ce prze\u017cycie przed krzy\u017cem Jezusa w Opactwie pobenedykty\u0144skim w P\u0142ocku &#8211; sercu naszej diecezji od 1075 roku.<\/p>\n<p>Zastanawiam si\u0119 ostatnimi czasy nad sensem domu, miasta, zakorzenienia, w\u0119drowania z miasta do miasta, przeprowadzek. Przypomina si\u0119 opowie\u015b\u0107 &#8211; symbol. Ot\u00f3\u017c do pewnego miasta przychodzi w\u0119drowiec. Pragnie si\u0119 w nim osiedli\u0107. Patrzy na ulice, obserwuje twarze ludzi, pyta i s\u0142ucha. Nie mo\u017ce si\u0119 jednak zdecydowa\u0107. Idzie po rad\u0119 do \u015bwi\u0119tego miejsca. Tam na schodkach spotyka m\u0119drca. Pyta: s\u0142uchaj, co za ludzie mieszkaj\u0105 w tym mie\u015bcie, bo chcia\u0142bym si\u0119 tu osiedli\u0107? A jacy byli w mie\u015bcie, z kt\u00f3rego wyszed\u0142e\u015b? Odpowiada pytaniem m\u0119drzec. Straszni-rzecze k\u0105\u015bliwie przybysz-k\u0142\u00f3tliwi, samolubni, z\u0142o\u015bliwi, nie do \u017cycia. To id\u017a dalej-radzi mu m\u0119drzec-tutaj spotkasz takich samych.<\/p>\n<p>Po jakim\u015b czasie do tego samego miasta przychodzi inny w\u0119drowiec. Tak\u017ce on chce si\u0119 osiedli\u0107. Patrzy na ulice, obserwuje twarze ludzi, pyta i s\u0142ucha. Nie mo\u017ce si\u0119 jednak zdecydowa\u0107. Idzie wi\u0119c po rad\u0119 do \u015bwi\u0119tego miejsca. Tam spotyka m\u0119drca. Pyta go: s\u0142uchaj, co za ludzie mieszkaj\u0105 w tym mie\u015bcie, bo chcia\u0142bym si\u0119 tu osiedli\u0107? A jacy ludzie byli w mie\u015bcie, z kt\u00f3rego wyszed\u0142e\u015b? Odpowiada pytaniem na pytanie m\u0119drzec. Dobrzy-rzecze z u\u015bmiechem przybysz-\u017cyczliwi, wielkoduszni, serdeczni, \u017cel mi by\u0142o stamt\u0105d odchodzi\u0107. To zosta\u0144-radzi mu m\u0119drzec-tutaj spotkasz takich samych&#8230;<\/p>\n<p>Gdzie wi\u0119c po prawie 42 latach w\u0119drowania jest moje &#8222;Miasto&#8221;? Tam, gdzie s\u0105 ludzie \u017cyczliwi, wielkoduszni, serdeczni. Sk\u0105d \u017cal odchodzi\u0107&#8230; By\u0142a dzieci\u0119ca Zielona (\u015bw. Marcin) przez pi\u0119tna\u015bcie lat moim &#8222;Miastem&#8221;. Potem m\u0142odzie\u0144czy i studencki P\u0142ock (\u015bw. Stanis\u0142aw Kostka)\u00a0 przez lat dziesi\u0119\u0107. Sochocin (\u015bw. Jan Chrzciciel) na jeden rok. Zn\u00f3w katedralny P\u0142ock (\u015bw. Zygmunt) na dwa lata. Nast\u0119pnie miasto nad Narwi\u0105 &#8211; Pu\u0142tusk (\u015bw. Mateusz) przez sze\u015b\u0107 lat sta\u0142 si\u0119 moim domem. P\u0142o\u0144sk (\u015bw. Micha\u0142) na trzy lata mnie zatrzyma\u0142. I zn\u00f3w P\u0142ock-tym razem z far\u0105 (\u015bw. Bart\u0142omiej) mnie zaprosi\u0142 na dwa lata. Trzy wiosny go\u015bci\u0142 mnie Ciechan\u00f3w &#8211; tu najbli\u017cej nieba, bo u \u015bw. Piotra&#8230; Tylu spotka\u0142em wspania\u0142ych patron\u00f3w!<\/p>\n<p>A Wniebowzi\u0119cie zapowiada si\u0119 w Dulsku&#8230; (pod takim wezwaniem &#8211; NMP-\u00a0 jest parafia, do kt\u00f3rej mnie posy\u0142a Ko\u015bci\u00f3\u0142).<\/p>\n<p>\u017bal odchodzi\u0107&#8230; ale tam w moim &#8222;Nowym Mie\u015bcie&#8221;-Dulskiej parafii- czekaj\u0105 ludzie \u017cyczliwi, wielkoduszni, serdeczni&#8230; Trzeba si\u0119 wi\u0119c osiedli\u0107 i zamieszka\u0107. Dzi\u0119kuj\u0119 z ka\u017cde dobro!<\/p>\n<p>Masz swoje &#8222;Miasto?&#8221;<\/p>\n","protected":false},"excerpt":{"rendered":"<p>25 czerwca z\u0142o\u017cy\u0142em w Kurii Diecezjalnej wyznanie wiary: &#8222;wiar\u0105 mocn\u0105 wierz\u0119 we wszystkie i poszczeg\u00f3lne prawdy wiary zawarte w Symbolu wiary i wyznaj\u0119 je&#8230;&#8221;.Nast\u0119pnie przysi\u0119ga\u0142em wierno\u015b\u0107 Ko\u015bcio\u0142owi katolickiemu przy obj\u0119ciu nowego urz\u0119du. To by\u0142o mocne i wzruszaj\u0105ce prze\u017cycie przed krzy\u017cem Jezusa w Opactwie pobenedykty\u0144skim w P\u0142ocku &#8211; sercu naszej diecezji od 1075 roku. Zastanawiam si\u0119 [&hellip;]<\/p>\n","protected":false},"author":1,"featured_media":0,"comment_status":"open","ping_status":"closed","sticky":false,"template":"","format":"standard","meta":{"ngg_post_thumbnail":0},"categories":[1],"tags":[],"_links":{"self":[{"href":"https:\/\/umacieja.net\/blog\/index.php?rest_route=\/wp\/v2\/posts\/104"}],"collection":[{"href":"https:\/\/umacieja.net\/blog\/index.php?rest_route=\/wp\/v2\/posts"}],"about":[{"href":"https:\/\/umacieja.net\/blog\/index.php?rest_route=\/wp\/v2\/types\/post"}],"author":[{"embeddable":true,"href":"https:\/\/umacieja.net\/blog\/index.php?rest_route=\/wp\/v2\/users\/1"}],"replies":[{"embeddable":true,"href":"https:\/\/umacieja.net\/blog\/index.php?rest_route=%2Fwp%2Fv2%2Fcomments&post=104"}],"version-history":[{"count":0,"href":"https:\/\/umacieja.net\/blog\/index.php?rest_route=\/wp\/v2\/posts\/104\/revisions"}],"wp:attachment":[{"href":"https:\/\/umacieja.net\/blog\/index.php?rest_route=%2Fwp%2Fv2%2Fmedia&parent=104"}],"wp:term":[{"taxonomy":"category","embeddable":true,"href":"https:\/\/umacieja.net\/blog\/index.php?rest_route=%2Fwp%2Fv2%2Fcategories&post=104"},{"taxonomy":"post_tag","embeddable":true,"href":"https:\/\/umacieja.net\/blog\/index.php?rest_route=%2Fwp%2Fv2%2Ftags&post=104"}],"curies":[{"name":"wp","href":"https:\/\/api.w.org\/{rel}","templated":true}]}}