{"id":103,"date":"2009-06-20T21:55:46","date_gmt":"2009-06-20T19:55:46","guid":{"rendered":"http:\/\/www.xmj.livenet.pl\/blog\/?p=103"},"modified":"2011-03-08T13:41:13","modified_gmt":"2011-03-08T11:41:13","slug":"wakacyjne-prowokacje","status":"publish","type":"post","link":"https:\/\/umacieja.net\/blog\/?p=103","title":{"rendered":"Wakacyjne prowokacje"},"content":{"rendered":"<p style=\"text-align: center\"><img decoding=\"async\" loading=\"lazy\" src=\"http:\/\/umacieja.net\/galeria\/albums\/userpics\/Fili%C5%BCanki_004.jpg\" height=\"370\" width=\"492\" \/><\/p>\n<p>Mo\u017ce czas na &#8222;l\u017cejsze&#8221; tematy, bo wakacje si\u0119 sta\u0142y od wczoraj. Mi\u0142o by\u0142o us\u0142ysze\u0107 s\u0142owo dzi\u0119kuj\u0119, otrzyma\u0107 co\u015b na pami\u0105tk\u0119 &#8211; no w\u0142a\u015bnie na przyk\u0142ad m.in. takie dwie fili\u017canki od uczennicy z klasy II LO. Gdy je rozpakowa\u0142em, postawi\u0142em na stoliku, to pomy\u015bla\u0142em, \u017ce one mnie prowokuj\u0105. Do czego? Np do spotkania, rozmowy, go\u015bciny, herbaty, kawy, biesiady, a mo\u017ce nawet pizzy. Bardzo dzi\u0119kuj\u0119 za inteligentny prezencik, kt\u00f3ry prowokuje do <strong>wsp\u00f3lno\u015bci<\/strong>. Zapraszam na herbatk\u0119, bo go\u015bcinno\u015b\u0107 jest na pewno warto\u015bci\u0105 ewangeliczn\u0105.<\/p>\n<p>Do czego prowokuj\u0105 Was pami\u0105tki, kt\u00f3re otrzymujecie?<\/p>\n<p>W sobot\u0119 otrzyma\u0142em uroczy\u015bcie nominacj\u0119 do parafii Dulsk na papierze od Biskupa Piotra. Do czego mnie sprowokuje ta nominacje? Mam nadziej\u0119, \u017ce do pomno\u017cenia dobra w\u015br\u00f3d ludzi i wi\u0119kszej chwa\u0142y Boga. Wiem, \u017ce Pan B\u00f3g jest wielkim Romantykiem i pomo\u017ce mi na tej \u015bcie\u017cce \u017cycia, o kt\u00f3rej m\u00f3wi\u0105, \u017ce &#8222;daleko&#8221; jest od Ciechanowa. Mi\u0142o by\u0142o zamieni\u0107 kilka zda\u0144 z moim Wychowawc\u0105 seminaryjnym- xhs. Mo\u017ce na Ingres przyjedzie? Zaprasza\u0142em.<\/p>\n<p>W ostatni pi\u0105tek prze\u017cywali\u015bmy Uroczysto\u015b\u0107 Serca Pana Jezusa; w sobot\u0119 &#8211; Serca Maryi. Dwa Serca&#8230; Dwie fili\u017canki&#8230; Pawe\u0142 z Krasiniaka w Grudusku zorganizowa\u0142 w ko\u015bciele wiecz\u00f3r dwojga serc. Ciekawe!<\/p>\n<p>\u017bycz\u0119 udanych wakacji &#8211; mieszkaj\u0105cym pod moj\u0105 strzech\u0105 i zapraszam na herbatk\u0119 &#8211; fili\u017canki prowokuj\u0105!<\/p>\n","protected":false},"excerpt":{"rendered":"<p>Mo\u017ce czas na &#8222;l\u017cejsze&#8221; tematy, bo wakacje si\u0119 sta\u0142y od wczoraj. Mi\u0142o by\u0142o us\u0142ysze\u0107 s\u0142owo dzi\u0119kuj\u0119, otrzyma\u0107 co\u015b na pami\u0105tk\u0119 &#8211; no w\u0142a\u015bnie na przyk\u0142ad m.in. takie dwie fili\u017canki od uczennicy z klasy II LO. Gdy je rozpakowa\u0142em, postawi\u0142em na stoliku, to pomy\u015bla\u0142em, \u017ce one mnie prowokuj\u0105. Do czego? Np do spotkania, rozmowy, go\u015bciny, herbaty, [&hellip;]<\/p>\n","protected":false},"author":1,"featured_media":0,"comment_status":"open","ping_status":"closed","sticky":false,"template":"","format":"standard","meta":{"ngg_post_thumbnail":0},"categories":[1],"tags":[],"_links":{"self":[{"href":"https:\/\/umacieja.net\/blog\/index.php?rest_route=\/wp\/v2\/posts\/103"}],"collection":[{"href":"https:\/\/umacieja.net\/blog\/index.php?rest_route=\/wp\/v2\/posts"}],"about":[{"href":"https:\/\/umacieja.net\/blog\/index.php?rest_route=\/wp\/v2\/types\/post"}],"author":[{"embeddable":true,"href":"https:\/\/umacieja.net\/blog\/index.php?rest_route=\/wp\/v2\/users\/1"}],"replies":[{"embeddable":true,"href":"https:\/\/umacieja.net\/blog\/index.php?rest_route=%2Fwp%2Fv2%2Fcomments&post=103"}],"version-history":[{"count":0,"href":"https:\/\/umacieja.net\/blog\/index.php?rest_route=\/wp\/v2\/posts\/103\/revisions"}],"wp:attachment":[{"href":"https:\/\/umacieja.net\/blog\/index.php?rest_route=%2Fwp%2Fv2%2Fmedia&parent=103"}],"wp:term":[{"taxonomy":"category","embeddable":true,"href":"https:\/\/umacieja.net\/blog\/index.php?rest_route=%2Fwp%2Fv2%2Fcategories&post=103"},{"taxonomy":"post_tag","embeddable":true,"href":"https:\/\/umacieja.net\/blog\/index.php?rest_route=%2Fwp%2Fv2%2Ftags&post=103"}],"curies":[{"name":"wp","href":"https:\/\/api.w.org\/{rel}","templated":true}]}}