{"id":102,"date":"2009-06-16T00:24:09","date_gmt":"2009-06-15T22:24:09","guid":{"rendered":"http:\/\/www.xmj.livenet.pl\/blog\/?p=102"},"modified":"2011-03-08T13:41:27","modified_gmt":"2011-03-08T11:41:27","slug":"porady-dla-proboszcza","status":"publish","type":"post","link":"https:\/\/umacieja.net\/blog\/?p=102","title":{"rendered":"Porady dla proboszcza"},"content":{"rendered":"<p style=\"text-align: center\"><img decoding=\"async\" loading=\"lazy\" src=\"http:\/\/umacieja.net\/galeria\/albums\/userpics\/Pielgrzymka_%C5%9Bladami_%C5%9Bwi%C4%99tych_247.jpg\" height=\"369\" width=\"492\" \/><\/p>\n<p>Dowiedzia\u0142em si\u0119 dzisiaj, \u017ce\u00a0 zosta\u0142em administratorem parafii pw Wniebowzi\u0119cia NMP w Dulsku w dekanacie Dobrzy\u0144 n. Drw\u0119c\u0105. A patronem tego roku kap\u0142a\u0144skiego jest \u015bw. Jan Vianney- proboszcz z Ars, kt\u00f3ry umar\u0142 04 sierpnia &#8211; 150 lat temu. Wspominamy go w liturgii w\u0142a\u015bnie 04 sierpnia. To te\u017c dzie\u0144 moich urodzin. Towarzyszy mi wi\u0119c od prawie 42 lat. To dla mnie szczeg\u00f3lny znak.<\/p>\n<p>Gdyby\u015bmy zapytali \u015bw. Paw\u0142a z 1 Kor 13, kim ma by\u0107 proboszcz, to powiedzia\u0142by, \u017ce: &#8222;Proboszcz cierpliwy jest, \u0142askawy jest. Proboszcz nie zazdro\u015bci, nie szuka poklasku, nie unosi si\u0119 pych\u0105, nie dopuszcza si\u0119 bezwstydu, nie szuka swego, nie unosi si\u0119 gniewem, nie pami\u0119ta z\u0142ego&#8230;Wszystko znosi, wszystko przetrzyma, nigdy nie ustaje&#8230;&#8221;<\/p>\n<p>&#8222;Gdyby dobrze zrozumiano, kim jest kap\u0142an na ziemi, mo\u017cna by umrze\u0107 nie z przera\u017cenia, lecz z mi\u0142o\u015bci. Kap\u0142a\u0144stwo to mi\u0142o\u015b\u0107 Serca Jezusowego.&#8221; \u015aw. Janie Vianney m\u00f3dl si\u0119 za nami! Prosz\u0119 Was o modlitw\u0119 za Parafian z Dulska i za mnie.<\/p>\n<p>Ty tylko mnie poprowad\u017a, Panie m\u00f3j!<\/p>\n<p>Jak by\u0107 dobrym proboszczem dzi\u015b?<\/p>\n","protected":false},"excerpt":{"rendered":"<p>Dowiedzia\u0142em si\u0119 dzisiaj, \u017ce\u00a0 zosta\u0142em administratorem parafii pw Wniebowzi\u0119cia NMP w Dulsku w dekanacie Dobrzy\u0144 n. Drw\u0119c\u0105. A patronem tego roku kap\u0142a\u0144skiego jest \u015bw. Jan Vianney- proboszcz z Ars, kt\u00f3ry umar\u0142 04 sierpnia &#8211; 150 lat temu. Wspominamy go w liturgii w\u0142a\u015bnie 04 sierpnia. To te\u017c dzie\u0144 moich urodzin. Towarzyszy mi wi\u0119c od prawie 42 [&hellip;]<\/p>\n","protected":false},"author":1,"featured_media":0,"comment_status":"open","ping_status":"closed","sticky":false,"template":"","format":"standard","meta":{"ngg_post_thumbnail":0},"categories":[1],"tags":[],"_links":{"self":[{"href":"https:\/\/umacieja.net\/blog\/index.php?rest_route=\/wp\/v2\/posts\/102"}],"collection":[{"href":"https:\/\/umacieja.net\/blog\/index.php?rest_route=\/wp\/v2\/posts"}],"about":[{"href":"https:\/\/umacieja.net\/blog\/index.php?rest_route=\/wp\/v2\/types\/post"}],"author":[{"embeddable":true,"href":"https:\/\/umacieja.net\/blog\/index.php?rest_route=\/wp\/v2\/users\/1"}],"replies":[{"embeddable":true,"href":"https:\/\/umacieja.net\/blog\/index.php?rest_route=%2Fwp%2Fv2%2Fcomments&post=102"}],"version-history":[{"count":0,"href":"https:\/\/umacieja.net\/blog\/index.php?rest_route=\/wp\/v2\/posts\/102\/revisions"}],"wp:attachment":[{"href":"https:\/\/umacieja.net\/blog\/index.php?rest_route=%2Fwp%2Fv2%2Fmedia&parent=102"}],"wp:term":[{"taxonomy":"category","embeddable":true,"href":"https:\/\/umacieja.net\/blog\/index.php?rest_route=%2Fwp%2Fv2%2Fcategories&post=102"},{"taxonomy":"post_tag","embeddable":true,"href":"https:\/\/umacieja.net\/blog\/index.php?rest_route=%2Fwp%2Fv2%2Ftags&post=102"}],"curies":[{"name":"wp","href":"https:\/\/api.w.org\/{rel}","templated":true}]}}