{"id":101,"date":"2009-06-13T21:59:04","date_gmt":"2009-06-13T19:59:04","guid":{"rendered":"http:\/\/www.xmj.livenet.pl\/blog\/?p=101"},"modified":"2011-03-08T13:41:46","modified_gmt":"2011-03-08T11:41:46","slug":"odeszli-i-pozostali-opowiadajcie-cisze","status":"publish","type":"post","link":"https:\/\/umacieja.net\/blog\/?p=101","title":{"rendered":"Odeszli&#8230; i pozostali. Opowiadajcie cisz\u0119!"},"content":{"rendered":"<p><img decoding=\"async\" loading=\"lazy\" src=\"http:\/\/umacieja.net\/galeria\/albums\/userpics\/Wspolnoty_020_1.jpg\" height=\"280\" width=\"200\" \/><img decoding=\"async\" loading=\"lazy\" src=\"http:\/\/umacieja.net\/galeria\/albums\/userpics\/S1050373.JPG\" height=\"279\" width=\"200\" \/><\/p>\n<p>&#8222;Przeszed\u0142 do ciszy, kt\u00f3rej jeszcze nikt nie opowiedzia\u0142&#8221; &#8211; to ostatnia\u00a0 notatka z dziennika Andrzeja W.<\/p>\n<p>To ju\u017c rok b\u0119dzie niebawem, gdy dowiedzieli\u015bmy si\u0119 o Tych bolesnych odej\u015bciach do ciszy.<\/p>\n<p>17 czerwca o godz. 7.00 odprawiona zostanie Msza \u015bw. za Andrzeja Wojdy\u0142o w ko\u015bciele \u015bw. Franciszka, natomiast o 17.00 odb\u0119dzie si\u0119 spotkanie wspomnieniowe nad grobem Andrzeja na cmentarzu przy ul. Gostkowskiej.<\/p>\n<p>19 czerwca o godz. 19.00 zostanie odprawiona Msza \u015bw. w intencji ks. Wicia Karpi\u0144skiego w Radzanowie. 21 czerwca o godz. 10.00 w Bazylice Katedralnej te\u017c b\u0119dziemy modli\u0107 si\u0119 za \u015bp. ks. Witolda.<\/p>\n<p>Ci, kt\u00f3rzy odchodz\u0105, wci\u0105\u017c z nami s\u0105&#8230;; Wierz\u0119 w \u015bwi\u0119tych obcowanie; Ja jestem \u017cyciem i zmartwychwstaniem; Zmienia si\u0119, ale si\u0119 nie ko\u0144czy; RiP<\/p>\n<p>ps s\u0142ysza\u0142 kto\u015b t\u0119 cisz\u0119&#8230;?<\/p>\n","protected":false},"excerpt":{"rendered":"<p>&#8222;Przeszed\u0142 do ciszy, kt\u00f3rej jeszcze nikt nie opowiedzia\u0142&#8221; &#8211; to ostatnia\u00a0 notatka z dziennika Andrzeja W. To ju\u017c rok b\u0119dzie niebawem, gdy dowiedzieli\u015bmy si\u0119 o Tych bolesnych odej\u015bciach do ciszy. 17 czerwca o godz. 7.00 odprawiona zostanie Msza \u015bw. za Andrzeja Wojdy\u0142o w ko\u015bciele \u015bw. Franciszka, natomiast o 17.00 odb\u0119dzie si\u0119 spotkanie wspomnieniowe nad grobem [&hellip;]<\/p>\n","protected":false},"author":1,"featured_media":0,"comment_status":"open","ping_status":"closed","sticky":false,"template":"","format":"standard","meta":{"ngg_post_thumbnail":0},"categories":[1],"tags":[],"_links":{"self":[{"href":"https:\/\/umacieja.net\/blog\/index.php?rest_route=\/wp\/v2\/posts\/101"}],"collection":[{"href":"https:\/\/umacieja.net\/blog\/index.php?rest_route=\/wp\/v2\/posts"}],"about":[{"href":"https:\/\/umacieja.net\/blog\/index.php?rest_route=\/wp\/v2\/types\/post"}],"author":[{"embeddable":true,"href":"https:\/\/umacieja.net\/blog\/index.php?rest_route=\/wp\/v2\/users\/1"}],"replies":[{"embeddable":true,"href":"https:\/\/umacieja.net\/blog\/index.php?rest_route=%2Fwp%2Fv2%2Fcomments&post=101"}],"version-history":[{"count":0,"href":"https:\/\/umacieja.net\/blog\/index.php?rest_route=\/wp\/v2\/posts\/101\/revisions"}],"wp:attachment":[{"href":"https:\/\/umacieja.net\/blog\/index.php?rest_route=%2Fwp%2Fv2%2Fmedia&parent=101"}],"wp:term":[{"taxonomy":"category","embeddable":true,"href":"https:\/\/umacieja.net\/blog\/index.php?rest_route=%2Fwp%2Fv2%2Fcategories&post=101"},{"taxonomy":"post_tag","embeddable":true,"href":"https:\/\/umacieja.net\/blog\/index.php?rest_route=%2Fwp%2Fv2%2Ftags&post=101"}],"curies":[{"name":"wp","href":"https:\/\/api.w.org\/{rel}","templated":true}]}}