{"id":100,"date":"2009-06-10T20:38:43","date_gmt":"2009-06-10T18:38:43","guid":{"rendered":"http:\/\/www.xmj.livenet.pl\/blog\/?p=100"},"modified":"2011-03-08T13:42:04","modified_gmt":"2011-03-08T11:42:04","slug":"sciezka-zycia","status":"publish","type":"post","link":"https:\/\/umacieja.net\/blog\/?p=100","title":{"rendered":"\u015acie\u017cka \u017cycia"},"content":{"rendered":"<p style=\"text-align: center\"><img decoding=\"async\" loading=\"lazy\" src=\"http:\/\/umacieja.net\/galeria\/albums\/userpics\/Kalisz_OTK_09_215.jpg\" height=\"369\" width=\"492\" \/><\/p>\n<p>Przychodzi do mnie na lekcji religii pi\u0119kna m\u0142oda uczennica z klasy I LO i cz\u0119stuje mnie cukierkami. Pytam, co Ci jest? Ona m\u00f3wi, \u017ce w czerwcu ko\u0144czy 17 lat \u017cycia. M\u00f3wi\u0119 Jej, \u017ce to tak jak ja. Ja te\u017c ko\u0144cz\u0119 w czerwcu tego roku 17 lat, ale kap\u0142a\u0144stwa&#8230; Rocznik 1992 jest szczeg\u00f3lnie bliski. Oni s\u0105 obrazem czasu mojego kap\u0142a\u0144stwa. Przygl\u0105dam si\u0119 im &#8211; teraz w klasie I LO i podziwiam czas, kt\u00f3ry mija w nich i we mnie. Rozpoznaj\u0119 go. Jest kwitn\u0105cy w tej chwili, porywaj\u0105cy, pe\u0142en marze\u0144, zachwytu, nadziei, pasji. Budzi si\u0119 mi\u0142o\u015b\u0107 dojrza\u0142a. Jeszcze chce si\u0119 chcie\u0107.<\/p>\n<p>17 lat temu powiedzia\u0142em Bogu: &#8222;Tak&#8221;. Wtedy napisa\u0142em na obrazku prymicyjnym: Ty\u015b Panem moim, Ty \u015bcie\u017ck\u0119 \u017cycia mi uka\u017cesz, pe\u0142ni\u0119 rado\u015bci przy Tobie i wieczn\u0105 rozkosz po Twojej prawicy (z Ps 16). Wiem dzisiaj: kto jest Panem, znam \u015bcie\u017ck\u0119 \u017cycia, prze\u017cywam rado\u015b\u0107 z wyboru i mam nadziej\u0119 na wieczne szcz\u0119\u015bcie. Ale by\u0142y te\u017c dni trudne i smutne; gdy da\u0142em si\u0119 sprowokowa\u0107 Z\u0142emu. Przepraszam.<\/p>\n<p>Za kilka dni rozpocznie si\u0119 Rok Kap\u0142a\u0144ski w Ko\u015bciele. Szczeg\u00f3lnym patronem b\u0119dzie \u015bw. Jan Vianney &#8211; \u015bwi\u0119ty proboszcz a Ars we Francji (patron proboszcz\u00f3w, a od tego roku patron wszystkich kap\u0142an\u00f3w). W tym roku te\u017c przypada 150 &#8211; rocznica Jego \u015bmierci. <strong>Odszed\u0142 do domu Ojca 04 sierpnia <\/strong>1859 roku. Tak si\u0119 sk\u0142ada (a nie ma podobno przypadk\u00f3w)<strong> &#8211; 04 sierpnia to data moich urodzin. <\/strong>Jest moim szczeg\u00f3lnym patronem od ponad 41 lat.<strong> <\/strong>W dzie\u0144 Jego wspomnienia prze\u017cywam swoje urodziny. Tobie Panie zaufa\u0142em, nie zawstydz\u0119 si\u0119 na wieki&#8230;<\/p>\n<p>Gdy nie mo\u017cesz by\u0107 drog\u0105 szerok\u0105, b\u0105d\u017a \u015bcie\u017ck\u0105 w\u0105sk\u0105, ale b\u0105d\u017a!<\/p>\n<p>Jak dzi\u015b BY\u0106? \u015acie\u017ck\u0105&#8230;?<\/p>\n","protected":false},"excerpt":{"rendered":"<p>Przychodzi do mnie na lekcji religii pi\u0119kna m\u0142oda uczennica z klasy I LO i cz\u0119stuje mnie cukierkami. Pytam, co Ci jest? Ona m\u00f3wi, \u017ce w czerwcu ko\u0144czy 17 lat \u017cycia. M\u00f3wi\u0119 Jej, \u017ce to tak jak ja. Ja te\u017c ko\u0144cz\u0119 w czerwcu tego roku 17 lat, ale kap\u0142a\u0144stwa&#8230; Rocznik 1992 jest szczeg\u00f3lnie bliski. Oni s\u0105 [&hellip;]<\/p>\n","protected":false},"author":1,"featured_media":0,"comment_status":"open","ping_status":"closed","sticky":false,"template":"","format":"standard","meta":{"ngg_post_thumbnail":0},"categories":[1],"tags":[],"_links":{"self":[{"href":"https:\/\/umacieja.net\/blog\/index.php?rest_route=\/wp\/v2\/posts\/100"}],"collection":[{"href":"https:\/\/umacieja.net\/blog\/index.php?rest_route=\/wp\/v2\/posts"}],"about":[{"href":"https:\/\/umacieja.net\/blog\/index.php?rest_route=\/wp\/v2\/types\/post"}],"author":[{"embeddable":true,"href":"https:\/\/umacieja.net\/blog\/index.php?rest_route=\/wp\/v2\/users\/1"}],"replies":[{"embeddable":true,"href":"https:\/\/umacieja.net\/blog\/index.php?rest_route=%2Fwp%2Fv2%2Fcomments&post=100"}],"version-history":[{"count":0,"href":"https:\/\/umacieja.net\/blog\/index.php?rest_route=\/wp\/v2\/posts\/100\/revisions"}],"wp:attachment":[{"href":"https:\/\/umacieja.net\/blog\/index.php?rest_route=%2Fwp%2Fv2%2Fmedia&parent=100"}],"wp:term":[{"taxonomy":"category","embeddable":true,"href":"https:\/\/umacieja.net\/blog\/index.php?rest_route=%2Fwp%2Fv2%2Fcategories&post=100"},{"taxonomy":"post_tag","embeddable":true,"href":"https:\/\/umacieja.net\/blog\/index.php?rest_route=%2Fwp%2Fv2%2Ftags&post=100"}],"curies":[{"name":"wp","href":"https:\/\/api.w.org\/{rel}","templated":true}]}}