{"id":4732,"date":"2023-05-23T08:50:51","date_gmt":"2023-05-23T06:50:51","guid":{"rendered":"http:\/\/umacieja.net\/blog\/?p=4732"},"modified":"2023-05-23T09:01:47","modified_gmt":"2023-05-23T07:01:47","slug":"odpustowa-radosc-z-wiary-biskup-stanislaw-na-nowo-odkryty","status":"publish","type":"post","link":"http:\/\/umacieja.net\/blog\/?p=4732","title":{"rendered":"Odpustowa rado\u015b\u0107 z wiary. Biskup Stanis\u0142aw na nowo odkryty?"},"content":{"rendered":"<p><a href=\"http:\/\/umacieja.net\/blog\/wp-content\/uploads\/2023\/05\/304868744_622469826069555_5297429068573839012_n.jpg\"><img decoding=\"async\" loading=\"lazy\" class=\"aligncenter wp-image-4733\" src=\"http:\/\/umacieja.net\/blog\/wp-content\/uploads\/2023\/05\/304868744_622469826069555_5297429068573839012_n.jpg\" alt=\"\" width=\"855\" height=\"569\" srcset=\"http:\/\/umacieja.net\/blog\/wp-content\/uploads\/2023\/05\/304868744_622469826069555_5297429068573839012_n.jpg 800w, http:\/\/umacieja.net\/blog\/wp-content\/uploads\/2023\/05\/304868744_622469826069555_5297429068573839012_n-300x200.jpg 300w, http:\/\/umacieja.net\/blog\/wp-content\/uploads\/2023\/05\/304868744_622469826069555_5297429068573839012_n-768x512.jpg 768w\" sizes=\"(max-width: 855px) 100vw, 855px\" \/><\/a><\/p>\n<p>Czas odpustu w rodzinie parafialnej pozwala odkry\u0107, \u017ce warto radowa\u0107 si\u0119 wiar\u0105 na co odzie\u0144. Przypomnia\u0142 nam o tym ks. profesor Henryk Seweryniak podczas uroczysto\u015bci odpustowych ku czci patrona naszej parafii \u015bw. Stanis\u0142awa Biskupa i M\u0119czennika 14 maja w Strzygach. Ludzie listy pisz\u0105&#8230; pisa\u0142 listy \u015bw. Pawe\u0142 i \u015bw. Piotr. Pisz\u0105 pasterze do swoich owczarni. Ks. Henryk tak\u017ce napisa\u0142 list do naszej wsp\u00f3lnoty parafialnej po odpu\u015bcie. Publikuj\u0119 poni\u017cej ten list. Warto go odczyta\u0107 jako apologi\u0119 rado\u015bci p\u0142yn\u0105cej z prostej wiary naszych przodk\u00f3w i tej dzisiejszej odpustowej: &#8221; Mo\u017ce wi\u0119c dobrze, \u017ce s\u0105 stragany, baloniki, koguciki&#8230;&#8221;.<\/p>\n<p><em>Czcigodny Ksi\u0119\u017ce Kanoniku Macieju, Drodzy Siostry i Bracia,<\/em><\/p>\n<p><em>Z serca dzi\u0119kuj\u0119 za zaproszenie do Strzyg na Wasz doroczny <a href=\"https:\/\/www.facebook.com\/parafiastrzygi\">odpust \u015bw. Stanis\u0142awa<\/a> i Bierzmowanie Waszej wspania\u0142ej m\u0142odzie\u017cy. Na ka\u017cdej z trzech Mszy \u015awi\u0119tych pragn\u0105\u0142em odnie\u015b\u0107 si\u0119 do innego aspektu tego dnia. Na Eucharystii o 8.00 m\u00f3wi\u0142em Wam, dlaczego przywdzia\u0142em stu\u0142\u0119, kt\u00f3r\u0105 kiedy\u015b otrzyma\u0142em od \u015bw. Jana Paw\u0142a II, a on z kolei przyj\u0105\u0142 j\u0105 w darze od Indian w Meksyku w 1979 r. Przywdzia\u0142em j\u0105 dlatego, \u017ceby przypomina\u0142a nam, \u017ce \u015bw. Jan Pawe\u0142 II, zanim zosta\u0142 264. nast\u0119pc\u0105 \u015bw. Piotra w Rzymie, by\u0142 66. nast\u0119pc\u0105 \u015bw. Stanis\u0142awa, patrona Waszej rodziny parafialnej. Jeszcze na dwa tygodnie przed swoim wyborem na papie\u017ca, przysz\u0142y Ojciec \u015bw. pisa\u0142 poemat \u201eStanis\u0142aw\u201d \u2013 poemat o \u015bw. Stanis\u0142awie. Z tre\u015bci tego utworu wynika, \u017ce imi\u0119 \u201e\u015bw. biskup Stanis\u0142aw\u201d oznacza\u0142o dla niego Ko\u015bci\u00f3\u0142! Ko\u015bci\u00f3\u0142, \u201ekt\u00f3ry zwi\u0105za\u0142 si\u0119 z jego ziemi\u0105\u201d! Ko\u015bci\u00f3\u0142, kt\u00f3ry wci\u0105\u017c rodzi si\u0119 i odradza wraz z nami! To wielkie s\u0142owa. Ale \u2013 zaznacza\u0142em &#8211; mo\u017ce warto u\u015bwiadomi\u0107 sobie, \u017ce w\u0142a\u015bnie to \u015bwi\u0119tujemy w odpust \u2013 rado\u015b\u0107 z naszej wiary! rado\u015b\u0107 z bycia Ko\u015bcio\u0142em, kt\u00f3ry zwi\u0105za\u0142 si\u0119 z t\u0105 ziemi\u0105!&nbsp; Mo\u017ce wi\u0119c dobrze, \u017ce s\u0105 stragany, baloniki na druciku, pierzaste koguciki i cukrowa wata i z piernika chata\u2026 Tylko \u017ceby\u015bmy nie zapomnieli, dlaczego s\u0105 te stragany, baloniki, koguciki. \u017be w odpust prze\u017cywamy rado\u015b\u0107 z naszej wiary! Jest to najpierw rado\u015b\u0107 z naszych korzeni: gdzie\u015b w 1757 roku kto\u015b o inicja\u0142ach M.C. zostawi\u0142 w Waszej \u015bwi\u0105tyni niezwyk\u0142\u0105 wiadomo\u015b\u0107: \u201eKo\u015bci\u00f3\u0142 strzygie\u0144ski wzniesiony w 1162 roku\u201d. Ju\u017c zatem za Boles\u0142awa K\u0119dzierzawego, by\u0142a tutaj wiara, by\u0142y sakramenty, by\u0142a pierwsza \u015bwi\u0105tynia!<\/em><\/p>\n<p><em>Ale odpust \u2013 m\u00f3wi\u0142em &#8211; to przede wszystkim dzie\u0144 rado\u015bci z tego, \u017ce ta wiara naszych przodk\u00f3w trwa nadal w nas! Prosta, konkretna wiara w sercach, w sumieniach, kt\u00f3ra m\u00f3wi: JEST B\u00d3G! JEST JEZUS, kt\u00f3ry wci\u0105\u017c zapewnia i my Mu wierzymy: \u201eNie zostawi\u0119 was sierotami\u2026 Ja \u017cyj\u0119 i&nbsp;wy \u017cy\u0107 b\u0119dziecie\u2026!\u201d Nie trzeba du\u017co wi\u0119cej. Benedykt XVI napisa\u0142 zdanie: \u201eNie znalaz\u0142em \u017cadnego tak przekonuj\u0105cego \u015bwiadectwa wiary, jak czyste i nieska\u017cone cz\u0142owiecze\u0144stwo, kt\u00f3re zosta\u0142o ukszta\u0142towane przez wiar\u0119 w moich rodzicach i w wielu innych ludziach, kt\u00f3rych dane mi by\u0142o spotka\u0107\u201d? Papie\u017c m\u00f3wi\u0142 przez to, \u017ce naturalna, prosta wiara potrafi ukszta\u0142towa\u0107 czyste i nieska\u017cone cz\u0142owiecze\u0144stwo! Musi wi\u0119c by\u0107 w niej prawda!<\/em><\/p>\n<p><em>Podczas homilii na Eucharystii o 9. 30 przypomnia\u0142em Wam, \u017ce fragmenty Ewangelii, kt\u00f3re s\u0142uchamy w kolejne niedziele przed Wniebowst\u0105pieniem Pa\u0144skim, przenosz\u0105 nas do Wieczernika. Jezus zapewnia nas: \u201eNie zostawi\u0119 was sierotami\u2026 Dam Wam Pocieszyciela, aby z&nbsp;wami by\u0142 na zawsze\u2026!\u201d Z wieczernika w Zielone \u015awi\u0105tki Aposto\u0142owie wyrusz\u0105 w \u015bwiat i tak te\u017c wyruszy\u0142 w swoim pokoleniu nasz Patron \u015bw. Stanis\u0142aw ze Szczepanowa. Czas jego pasterzowania by\u0142 kr\u00f3tki: od 1072 do 1079 roku \u2014 siedem lat. Ale owoc trwa &#8211; w tylu ko\u015bcio\u0142ach, rodzinach parafialnych\u2026 Wielko\u015b\u0107 biskupa Stanis\u0142awa polega\u0142a na tym, \u017ce uj\u0105\u0142 si\u0119 za prze\u015bladowanymi i odwa\u017cy\u0142 si\u0119 upomnie\u0107 w\u0142adc\u0119. Kiedy jednak ten nic sobie z tego nie robi\u0142, biskup rzuci\u0142 na niego kl\u0105tw\u0119. Oznacza\u0142o to wy\u0142\u0105czenie z Ko\u015bcio\u0142a i zwolnienie od pos\u0142usze\u0144stwa poddanych. Tego hardy kr\u00f3l nie zni\u00f3s\u0142. Jak napisze kronikarz Wincenty Kad\u0142ubek \u2013 Boles\u0142aw \u201ew najdziksze popad\u0142szy szale\u0144stwo\u201d, 11 kwietnia 1079 roku uda\u0142 si\u0119 na Ska\u0142k\u0119 i w czasie Mszy \u015bwi\u0119tej zabi\u0142 biskupa uderzeniem w g\u0142ow\u0119, a potem kaza\u0142 po\u0107wiartowa\u0107 jego cia\u0142o. Na wiadomo\u015b\u0107 o dokonanym w tak ohydny spos\u00f3b mordzie na biskupie, przy o\u0142tarzu, w czasie sprawowania Naj\u015bwi\u0119tszej Ofiary, ca\u0142y nar\u00f3d stan\u0105\u0142 przeciwko kr\u00f3lowi. Opuszczony przez wszystkich, Boles\u0142aw zosta\u0142 wygnany z Polski. W czasach rozbicia dzielnicowego coraz mocniejsze by\u0142o jednak pragnienie, by jak zros\u0142o si\u0119 cudownie po\u0107wiartowane cia\u0142o biskupa, tak r\u00f3wnie\u017c zros\u0142o si\u0119 i cia\u0142o podzielonej Ojczyzny. 8 wrze\u015bnia 1253 r. na pro\u015bb\u0119 krakowskiego biskupa Jana Prandoty, papie\u017c Innocenty IV w Asy\u017cu uroczy\u015bcie w\u0142\u0105czy\u0142 Stanis\u0142awa do katalogu \u015bwi\u0119tych. W nast\u0119pnym roku uroczysto\u015bci kanonizacyjne odby\u0142y si\u0119 8 maja na Wawelu. Zabrzmia\u0142a wtedy pierwszy raz dostojna \u0142aci\u0144ska pie\u015b\u0144: Gaude Mater Polonia. Ustali\u0142 si\u0119 te\u017c wymowny zwyczaj sk\u0142adania znak\u00f3w zwyci\u0119stwa polskiego or\u0119\u017ca u grobu \u015bw. Stanis\u0142awa na Wawelu: po bitwie pod P\u0142owcami w 1331 r. i w 1410r. po Grunwaldzie. Niemal wszyscy kolejni kr\u00f3lowie b\u0119d\u0105 w ramach uroczysto\u015bci koronacyjnych odbywali pielgrzymk\u0119 pokutn\u0105 za grzech swego poprzednika. Nie dope\u0142nili tego tylko dwaj imiennicy biskupa na polskim tronie: Stanis\u0142aw Leszczy\u0144ski i Stanis\u0142aw August Poniatowski. Obaj nie obronili swojego kr\u00f3lestwa.<\/em><\/p>\n<p><em>Wzruszaj\u0105ce by\u0142o bierzmowanie du\u017cego grona doskonale przygotowanej do tego aktu Waszej m\u0142odzie\u017cy. Wok\u00f3\u0142 o\u0142tarza stan\u0119\u0142o 7 kap\u0142an\u00f3w, Ksi\u0105dz Wicedziekan odczyta\u0142 pismo biskupa Szymona deleguj\u0105ce mnie do udzielani sakramentu, Ksi\u0105dz Kanonik Maciej i Pani Sylwia &#8211; Katechetka odbyli g\u0142\u0119boki dialog, dotycz\u0105cy tego, jak m\u0142odzi sposobili si\u0119 tego aktu. Pani Sylwia podkre\u015bli\u0142a, \u017ce najwa\u017cniejsze zadanie bierzmowanych wpisuje si\u0119 w jedno s\u0142owo: obecno\u015b\u0107. Oznacza to, \u017ce umocniony, umocniona Duchem \u015awi\u0119tym pragnie i potrafi \u017cy\u0107 odpowiedzialnie; umie pomaga\u0107, wsp\u00f3\u0142czu\u0107; by\u0107 dyspozycyjn\u0105, dyspozycyjnym; jest obecna, obecny tam, gdzie dzieje si\u0119 co\u015b wa\u017cnego, co pozwala wzrasta\u0107\u2026 Ja z kolei zaprosi\u0142em Was do <a href=\"https:\/\/old.bazylikaszczepanow.pl\/grob-krola-boleslawa-smialego-w-osjaku\/\">Ossiachu w Karyntii<\/a>, <a href=\"https:\/\/www.youtube.com\/watch?v=YSaDt_raYmo&amp;t=6s\">gdzie do dzi\u015b opowiada si\u0119<\/a>, jak Boles\u0142aw \u015amia\u0142y \u2013 zab\u00f3jca \u015bw. Stanis\u0142awa, zobowi\u0105zany przez papie\u017ca do pokuty, w tamtejszym klasztorze przez osiem lat pe\u0142ni\u0142 najprostsz\u0105 s\u0142u\u017cb\u0119 za ten straszny grzech. Tam te\u017c umar\u0142 &#8211; na zewn\u0105trz \u015bwi\u0105tyni znajduje si\u0119 ogrodzony grobowiec z napisem: \u201eDomniemany gr\u00f3b Boles\u0142awa \u015amia\u0142ego, Kr\u00f3la Polski\u201d. My, chrze\u015bcijanie, wierzymy, \u017ce Duch \u015awi\u0119ty, je\u015bli go si\u0119 naprawd\u0119 przyjmie, dokonuje takich przemian. A w Sakramencie Bierzmowania o Ducha \u015awi\u0119tego chodzi! To w\u0142a\u015bnie ON sprawia, \u017ce co\u015b takiego mo\u017ce si\u0119 w stawa\u0107 w naszym \u017cyciu, je\u015bli naprawd\u0119 zaprosimy GO do siebie i przyjmiemy. Jeszcze raz z serca dzi\u0119kuj\u0119 Wam, Drodzy, za Wasz\u0105 wiar\u0119, go\u015bcinno\u015b\u0107 i nasze mi\u0142e spotkanie \u2013 &nbsp;ks. Henryk<\/em><\/p>\n","protected":false},"excerpt":{"rendered":"<p>Czas odpustu w rodzinie parafialnej pozwala odkry\u0107, \u017ce warto radowa\u0107 si\u0119 wiar\u0105 na co odzie\u0144. Przypomnia\u0142 nam o tym ks. profesor Henryk Seweryniak podczas uroczysto\u015bci odpustowych ku czci patrona naszej parafii \u015bw. Stanis\u0142awa Biskupa i M\u0119czennika 14 maja w Strzygach. Ludzie listy pisz\u0105&#8230; pisa\u0142 listy \u015bw. Pawe\u0142 i \u015bw. Piotr. Pisz\u0105 pasterze do swoich owczarni. [&hellip;]<\/p>\n","protected":false},"author":1,"featured_media":0,"comment_status":"open","ping_status":"closed","sticky":false,"template":"","format":"standard","meta":{"ngg_post_thumbnail":0},"categories":[1],"tags":[],"_links":{"self":[{"href":"http:\/\/umacieja.net\/blog\/index.php?rest_route=\/wp\/v2\/posts\/4732"}],"collection":[{"href":"http:\/\/umacieja.net\/blog\/index.php?rest_route=\/wp\/v2\/posts"}],"about":[{"href":"http:\/\/umacieja.net\/blog\/index.php?rest_route=\/wp\/v2\/types\/post"}],"author":[{"embeddable":true,"href":"http:\/\/umacieja.net\/blog\/index.php?rest_route=\/wp\/v2\/users\/1"}],"replies":[{"embeddable":true,"href":"http:\/\/umacieja.net\/blog\/index.php?rest_route=%2Fwp%2Fv2%2Fcomments&post=4732"}],"version-history":[{"count":0,"href":"http:\/\/umacieja.net\/blog\/index.php?rest_route=\/wp\/v2\/posts\/4732\/revisions"}],"wp:attachment":[{"href":"http:\/\/umacieja.net\/blog\/index.php?rest_route=%2Fwp%2Fv2%2Fmedia&parent=4732"}],"wp:term":[{"taxonomy":"category","embeddable":true,"href":"http:\/\/umacieja.net\/blog\/index.php?rest_route=%2Fwp%2Fv2%2Fcategories&post=4732"},{"taxonomy":"post_tag","embeddable":true,"href":"http:\/\/umacieja.net\/blog\/index.php?rest_route=%2Fwp%2Fv2%2Ftags&post=4732"}],"curies":[{"name":"wp","href":"https:\/\/api.w.org\/{rel}","templated":true}]}}