{"id":4193,"date":"2018-08-13T10:16:42","date_gmt":"2018-08-13T08:16:42","guid":{"rendered":"http:\/\/umacieja.net\/blog\/?p=4193"},"modified":"2018-08-13T10:18:55","modified_gmt":"2018-08-13T08:18:55","slug":"jedenaste-przykazanie","status":"publish","type":"post","link":"http:\/\/umacieja.net\/blog\/?p=4193","title":{"rendered":"Jedenaste przykazanie"},"content":{"rendered":"<p style=\"text-align: justify;\"><a href=\"http:\/\/umacieja.net\/blog\/wp-content\/uploads\/2018\/08\/Gory_Swietokrzyskie_2017_1_544.jpg\"><img decoding=\"async\" loading=\"lazy\" class=\" wp-image-4194 aligncenter\" src=\"http:\/\/umacieja.net\/blog\/wp-content\/uploads\/2018\/08\/Gory_Swietokrzyskie_2017_1_544.jpg\" alt=\"\" width=\"375\" height=\"564\" srcset=\"http:\/\/umacieja.net\/blog\/wp-content\/uploads\/2018\/08\/Gory_Swietokrzyskie_2017_1_544.jpg 399w, http:\/\/umacieja.net\/blog\/wp-content\/uploads\/2018\/08\/Gory_Swietokrzyskie_2017_1_544-200x300.jpg 200w\" sizes=\"(max-width: 375px) 100vw, 375px\" \/><\/a><br \/>\nKiedy\u015b na katechezie w szkole \u015bredniej dawa\u0142em zadanie m\u0142odzie\u017cy, aby dopisali do Dekalogu jedenaste przykazanie. Bo wiadomo, \u017ce czasy si\u0119 zmieniaj\u0105, Dekalog nie mo\u017ce zmieni\u0107 si\u0119, ale mo\u017ce warto co\u015b dopisa\u0107 na te nowoczesne czasy&#8230;<\/p>\n<p style=\"text-align: justify;\">Czytaj\u0105c Ewangeli\u0119 na 19 Niedziel\u0119 Zwyk\u0142\u0105 rok B, pomy\u015bla\u0142em, \u017ce warto wprowadzi\u0107 jedenaste przykazanie: &#8222;<strong>Nie szemrajcie mi\u0119dzy sob\u0105!&#8221; <\/strong><em>(J 6,41-51). <\/em>Jest dzisiaj wiele szemraniny wok\u00f3\u0142 nas. Jak m\u00f3wi\u0142 <a href=\"https:\/\/www.youtube.com\/watch?v=vArb3EggqRo\">Abp Grzegorz Ry\u015b<\/a>: <em>&#8222;Szemranina, to choroba. Jeden do drugiego m\u00f3wi o tym co trzeci zrobi\u0142 czwartemu. Jak chcecie rozwali\u0107 jak\u0105kolwiek wsp\u00f3lnot\u0119 to zacznijcie szemra\u0107. Pocz\u0105wszy od rodziny, ma\u0142\u017ce\u0144stwa, przez ka\u017cd\u0105 ma\u0142\u0105 wsp\u00f3lnot\u0119 w Ko\u015bciele, parafi\u0119, a\u017c po Ko\u015bci\u00f3\u0142 jako ca\u0142o\u015b\u0107.&#8221;<\/em><\/p>\n<p style=\"text-align: justify;\">Tak jest z tym szemraniem zapewne w ka\u017cdej rodzinie, parafii, diecezji. Skoro przeciw Jezusowi szemrano, to przeciw proboszczowi, przeciw biskupowi, przeciw papie\u017cowi te\u017c b\u0119d\u0105 szemra\u0107! I w tym potwierdza si\u0119 prawdziwo\u015b\u0107 Ewangelii.<\/p>\n<p style=\"text-align: justify;\">To ja proponuj\u0119 do\u0142o\u017cy\u0107 od dzi\u015b jedenaste przykazanie do Dekalogu i zamiast szemra\u0107, wzi\u0105\u0107 na siebie jakie\u015b zadanie, jak\u0105\u015b pos\u0142ug\u0119, podj\u0105\u0107 si\u0119 jakiej pracy w parafii, w Ko\u015bciele. Przyjd\u017a do proboszcza, do ko\u015bcielnego i powiedz, \u017ce masz czas wolny, dwie r\u0119ce i chcesz co\u015b zrobi\u0107 dla ko\u015bcio\u0142a, parafii, na cmentarzu, podziel si\u0119 tym, co masz, bo &#8222;szcz\u0119\u015bcie to jedyna rzecz, kt\u00f3ra si\u0119 mno\u017cy, je\u015bli si\u0119 j\u0105 dzieli&#8221; (Albert Schweitzer. Mo\u017cesz przyj\u015b\u0107 i adorowa\u0107 Jezusa w pustym ko\u015bciele, mo\u017ce wzi\u0105\u0107 r\u00f3\u017caniec do r\u0119ki, i\u015b\u0107 czy jecha\u0107 na pielgrzymk\u0119. \u0141atwo jest szemra\u0107, trudniej zrobi\u0107 co\u015b dobrego!<\/p>\n<p style=\"text-align: justify;\">By\u0142o troch\u0119 szemraniny w parafii, gdy powstawa\u0142 <a href=\"http:\/\/parafiastrzygi.pl\/galeria\/thumbnails.php?album=66\">pomnik Marsza\u0142ka Pi\u0142sudskiego<\/a> ( w nawi\u0105zaniu do tego sprzed II wojny, kt\u00f3ry postawili mieszka\u0144cy Strzyg w 20 rocznic\u0119 odzyskania niepodleg\u0142o\u015bci przez Polsk\u0119). Znalaz\u0142 si\u0119 Patriota, kt\u00f3ry ufundowa\u0142 ten pomnik i szemranie zako\u0144czy\u0142o si\u0119. A mo\u017ce znajdzie si\u0119 teraz kto\u015b, kto wyremontuje nagrobek legionisty Radomskiego na cmentarzu&nbsp; w Strzygach. Jest tyle innych zada\u0144 i pracy do wykonania!&nbsp;<\/p>\n<p style=\"text-align: justify;\">Warto by\u0107 dzisiaj jak ten anio\u0142 z pierwszego czytania (1 Krl 19,4-8). Nie szemra\u0142 na proroka Eliasza, \u017ce mu si\u0119 nie chce prorokowa\u0107 i \u017cy\u0107! Tr\u0105caj\u0105c go, powiedzia\u0142: <em>\u201eWsta\u0144, jedz, bo przed tob\u0105 d\u0142uga droga! Powstawszy zatem, zjad\u0142 i wypi\u0142. Nast\u0119pnie moc\u0105 tego po\u017cywienia szed\u0142 czterdzie\u015bci dni i czterdzie\u015bci nocy<strong>, <\/strong>a\u017c do Bo\u017cej g\u00f3ry Horeb.\u201d<\/em><\/p>\n<p style=\"text-align: justify;\">Nie szemraj, ale tr\u0105caj, szturchaj,&nbsp; zaczepiaj, popychaj, ruszaj tych co im nie chce si\u0119 modli\u0107, i\u015b\u0107 na Msz\u0119 niedzieln\u0105, na pielgrzymk\u0119, do spowiedzi. Wo\u0142aj do nich: wstawaj i jedz, bo d\u0142uga droga przed tob\u0105! TEN POKARM znajdziesz w ka\u017cdej \u015bwi\u0105tyni.<\/p>\n<p style=\"text-align: justify;\"><span style=\"font-size: 12pt;\"><strong>&nbsp;<\/strong><\/span><\/p>\n","protected":false},"excerpt":{"rendered":"<p>Kiedy\u015b na katechezie w szkole \u015bredniej dawa\u0142em zadanie m\u0142odzie\u017cy, aby dopisali do Dekalogu jedenaste przykazanie. Bo wiadomo, \u017ce czasy si\u0119 zmieniaj\u0105, Dekalog nie mo\u017ce zmieni\u0107 si\u0119, ale mo\u017ce warto co\u015b dopisa\u0107 na te nowoczesne czasy&#8230; Czytaj\u0105c Ewangeli\u0119 na 19 Niedziel\u0119 Zwyk\u0142\u0105 rok B, pomy\u015bla\u0142em, \u017ce warto wprowadzi\u0107 jedenaste przykazanie: &#8222;Nie szemrajcie mi\u0119dzy sob\u0105!&#8221; (J 6,41-51). [&hellip;]<\/p>\n","protected":false},"author":1,"featured_media":0,"comment_status":"open","ping_status":"closed","sticky":false,"template":"","format":"standard","meta":{"ngg_post_thumbnail":0},"categories":[1],"tags":[],"_links":{"self":[{"href":"http:\/\/umacieja.net\/blog\/index.php?rest_route=\/wp\/v2\/posts\/4193"}],"collection":[{"href":"http:\/\/umacieja.net\/blog\/index.php?rest_route=\/wp\/v2\/posts"}],"about":[{"href":"http:\/\/umacieja.net\/blog\/index.php?rest_route=\/wp\/v2\/types\/post"}],"author":[{"embeddable":true,"href":"http:\/\/umacieja.net\/blog\/index.php?rest_route=\/wp\/v2\/users\/1"}],"replies":[{"embeddable":true,"href":"http:\/\/umacieja.net\/blog\/index.php?rest_route=%2Fwp%2Fv2%2Fcomments&post=4193"}],"version-history":[{"count":0,"href":"http:\/\/umacieja.net\/blog\/index.php?rest_route=\/wp\/v2\/posts\/4193\/revisions"}],"wp:attachment":[{"href":"http:\/\/umacieja.net\/blog\/index.php?rest_route=%2Fwp%2Fv2%2Fmedia&parent=4193"}],"wp:term":[{"taxonomy":"category","embeddable":true,"href":"http:\/\/umacieja.net\/blog\/index.php?rest_route=%2Fwp%2Fv2%2Fcategories&post=4193"},{"taxonomy":"post_tag","embeddable":true,"href":"http:\/\/umacieja.net\/blog\/index.php?rest_route=%2Fwp%2Fv2%2Ftags&post=4193"}],"curies":[{"name":"wp","href":"https:\/\/api.w.org\/{rel}","templated":true}]}}