{"id":24,"date":"2007-12-14T19:50:21","date_gmt":"2007-12-14T18:50:21","guid":{"rendered":"http:\/\/www.xmj.livenet.pl\/blog\/?p=24"},"modified":"2011-03-09T13:57:43","modified_gmt":"2011-03-09T11:57:43","slug":"zloz-zyczenia-jezusowi","status":"publish","type":"post","link":"http:\/\/umacieja.net\/blog\/?p=24","title":{"rendered":"Z\u0142\u00f3\u017c \u017cyczenia Jezusowi&#8230;"},"content":{"rendered":"<p style=\"text-align: center\"><img decoding=\"async\" loading=\"lazy\" src=\"http:\/\/umacieja.net\/galeria\/albums\/userpics\/Ziemia_Swi%C4%99ta_07_695.jpg\" height=\"365\" width=\"488\" \/><\/p>\n<p>Ka\u017cdy, kto mia\u0142 szcz\u0119\u015bcie zej\u015b\u0107 do <strong>Groty Narodzenia w Betlejem<\/strong> (na fotografii), pochyli\u0107 si\u0119 nad t\u0105 srebrn\u0105  gwiazd\u0105, doskonale wie i czuje, jakie znaczenie religijne, historyczne, emocjonalne dla ka\u017cdego chrze\u015bcijanina ma to miasto zwane <strong>Domem Chleba<\/strong>.  Dzisiaj  Betlejem odgradza od \u015bwiata wysoki mur, druty kolczaste i \u017co\u0142nierze z broni\u0105  gotow\u0105 do strza\u0142u. Chrze\u015bcijanie  palesty\u0144scy  masowo  uciekaj\u0105  z Betlejem  i  z ca\u0142ej Ziemi \u015awi\u0119tej. Odsetek chrze\u015bcijan w Ziemi \u015awi\u0119tej w ci\u0105gu kilkudziesi\u0119ciu lat spad\u0142 z 20 do 2 procent. To w Betlejem odwieczne S\u0142owo sta\u0142o si\u0119 Cia\u0142em i zamieszka\u0142o w\u015br\u00f3d nas. Dlatego sta\u0142o si\u0119 bogactwem \u015bwiata i naszym wszystkim. Tam jest ka\u017cdego dnia Bo\u017ce Narodzenie. Warto wi\u0119c pami\u0119ta\u0107 o tym mie\u015bcie Dawida, rozmawia\u0107, modli\u0107 si\u0119 za betlejemit\u00f3w, wspomaga\u0107 kupuj\u0105c pami\u0105tki z tego miejsca.<\/p>\n<p>W Karmelu betlejemskim mieszkaj\u0105, pracuj\u0105 i modl\u0105 si\u0119 w mi\u0119dzynarodowej wsp\u00f3lnocie siostry z Polski. Pozdrawiam s. Lucun\u0119 &#8211; przeorysz\u0119 i ca\u0142y Karmel. Trwajcie tam w naszym imieniu. Nie wyje\u017cd\u017cajcie, bo kto wtedy zostanie z Jezusem w Betlejem?<\/p>\n<p>Lubimy sobie sk\u0142ada\u0107 \u017cyczenia z okazji Bo\u017cego Narodzenia: prosto w oczy, sms-em, e-mailem, poczt\u0105. O Jezusie zapominamy. A to przecie\u017c Jego urodziny. Niech Ci\u0119 Panie Jezu wszyscy ludzie kochaj\u0105, aby\u015b ju\u017c nie musia\u0142 cierpie\u0107 i umiera\u0107 za nas &#8230;<\/p>\n<p align=\"center\">&nbsp;<\/p>\n<p style=\"text-align: center\" align=\"center\">Zapraszam do sk\u0142adania \u017cycze\u0144 Jezusowi:<\/p>\n","protected":false},"excerpt":{"rendered":"<p>Ka\u017cdy, kto mia\u0142 szcz\u0119\u015bcie zej\u015b\u0107 do Groty Narodzenia w Betlejem (na fotografii), pochyli\u0107 si\u0119 nad t\u0105 srebrn\u0105 gwiazd\u0105, doskonale wie i czuje, jakie znaczenie religijne, historyczne, emocjonalne dla ka\u017cdego chrze\u015bcijanina ma to miasto zwane Domem Chleba. Dzisiaj Betlejem odgradza od \u015bwiata wysoki mur, druty kolczaste i \u017co\u0142nierze z broni\u0105 gotow\u0105 do strza\u0142u. Chrze\u015bcijanie palesty\u0144scy masowo [&hellip;]<\/p>\n","protected":false},"author":1,"featured_media":0,"comment_status":"open","ping_status":"closed","sticky":false,"template":"","format":"standard","meta":{"ngg_post_thumbnail":0},"categories":[1],"tags":[],"_links":{"self":[{"href":"http:\/\/umacieja.net\/blog\/index.php?rest_route=\/wp\/v2\/posts\/24"}],"collection":[{"href":"http:\/\/umacieja.net\/blog\/index.php?rest_route=\/wp\/v2\/posts"}],"about":[{"href":"http:\/\/umacieja.net\/blog\/index.php?rest_route=\/wp\/v2\/types\/post"}],"author":[{"embeddable":true,"href":"http:\/\/umacieja.net\/blog\/index.php?rest_route=\/wp\/v2\/users\/1"}],"replies":[{"embeddable":true,"href":"http:\/\/umacieja.net\/blog\/index.php?rest_route=%2Fwp%2Fv2%2Fcomments&post=24"}],"version-history":[{"count":0,"href":"http:\/\/umacieja.net\/blog\/index.php?rest_route=\/wp\/v2\/posts\/24\/revisions"}],"wp:attachment":[{"href":"http:\/\/umacieja.net\/blog\/index.php?rest_route=%2Fwp%2Fv2%2Fmedia&parent=24"}],"wp:term":[{"taxonomy":"category","embeddable":true,"href":"http:\/\/umacieja.net\/blog\/index.php?rest_route=%2Fwp%2Fv2%2Fcategories&post=24"},{"taxonomy":"post_tag","embeddable":true,"href":"http:\/\/umacieja.net\/blog\/index.php?rest_route=%2Fwp%2Fv2%2Ftags&post=24"}],"curies":[{"name":"wp","href":"https:\/\/api.w.org\/{rel}","templated":true}]}}