{"id":23,"date":"2007-12-02T15:45:08","date_gmt":"2007-12-02T14:45:08","guid":{"rendered":"http:\/\/www.xmj.livenet.pl\/blog\/?p=23"},"modified":"2011-03-09T13:57:57","modified_gmt":"2011-03-09T11:57:57","slug":"czy-jest-nadzieja-bez-boga","status":"publish","type":"post","link":"http:\/\/umacieja.net\/blog\/?p=23","title":{"rendered":"Czy jest nadzieja bez Boga?Jaki zapach ma nadzieja?"},"content":{"rendered":"<p style=\"text-align: center\"><img decoding=\"async\" loading=\"lazy\" src=\"umacieja.net\/galeria\/albums\/userpics\/Zimka_07_161.jpg\" height=\"368\" width=\"490\" \/><\/p>\n<p align=\"justify\">Kto\u015b powiedzia\u0142 mi, \u017ce dzisiaj to kwiaty ju\u017c nie pachn\u0105,  ptaki nie \u015bpiewaj\u0105, kobiety nie gotuj\u0105&#8230; Chyba najwi\u0119ksz\u0105 tragedi\u0105 dla cz\u0142owieka jest brak nadziei. Wtedy choruje dusza cz\u0142owieka. Nic nie cieszy; ani drugi cz\u0142owiek, ani kwiat, pi\u0119kna zima, zach\u00f3d s\u0142o\u0144ca. Mrok ogarnia ca\u0142ego cz\u0142owieka. Beznadzieja!<\/p>\n<p align=\"justify\">Jak dobrze, \u017ce jest adwent! Lubi\u0119 ten czas. On uczy t\u0119sknoty i wra\u017cliwo\u015bci, daje nadziej\u0119 i zabiera ciemno\u015bci. Pami\u0119tam do dzi\u015b te chwile adwentowe z dzieci\u0144stwa: poranne pobudki i w\u0119drowanie po skrzypi\u0105cym \u015bniegu na roraty w ciemnym i zimnym ko\u015bciele. Ka\u017cdy dzie\u0144 przybli\u017ca\u0142 nadziej\u0119 spotkania z Emmanuelem. Czy te adwentowe ciep\u0142e \u015bniadanka dla dzieci sprzed kilku lat w jednej z parafii, kt\u00f3re wyzwala\u0142y tyle dobra, uczy\u0142y t\u0119skni\u0107, dawa\u0142y nadziej\u0119&#8230;<\/p>\n<p align=\"justify\">No w\u0142a\u015bnie: potrzebujemy ma\u0142ych i wi\u0119kszych nadziei, kt\u00f3re dzie\u0144 po dniu podtrzymuj\u0105 nas w w\u0119drowaniu. Mamy r\u00f3\u017cnorakie nadzieje &#8211; r\u00f3\u017cne w r\u00f3\u017cnych okresach \u017cycia: na wielk\u0105 mi\u0142o\u015b\u0107, na zdobycie pozycji, sukcesu, zdrowia w chorobie, na dobr\u0105 prac\u0119, wybudowanie domu, kupno nowego samochodu. Kiedy jednak te nadzieje si\u0119 spe\u0142niaj\u0105, okazuje si\u0119, \u017ce to nie wszystko&#8230; Potrzebujemy innej nadziei, kt\u00f3ra idzie dalej. To wielka nadzieja, o kt\u00f3rej pisze Benedykt XVI w encyklice <strong>&#8222;Spe salvi&#8221;<\/strong>, a kt\u00f3ra przewy\u017csza pozosta\u0142e &#8211; te niewystarczaj\u0105ce. T\u0105 wielk\u0105 nadziej\u0105 &#8211; jej fundamentem &#8211; mo\u017ce by\u0107 jedynie B\u00f3g. Ten B\u00f3g, kt\u00f3ry ma ludzkie oblicze i umi\u0142owa\u0142 nas do ko\u0144ca. Prawdziw\u0105, wielk\u0105 nadziej\u0105 dla cz\u0142owieka, kt\u00f3ra przetrwa wszelkie zawody, mo\u017ce by\u0107 tylko B\u00f3g. Nie ma nadziei bez Boga!<\/p>\n<p>&#8222;Nadzieja bywa, je\u017celi kto\u015b wierzy, \u017ce ziemia nie jest snem (&#8230;) a wszystkie rzeczy(&#8230;) s\u0105 niby ogr\u00f3d, kiedy stoisz w bramie. Wej\u015b\u0107 tam nie mo\u017cna. Ale jest na pewno. Gdyby\u015bmy lepiej i m\u0105drzej patrzyli, jeszcze kwiat nowy i gwiazd\u0119 niejedn\u0105 w ogrodzie \u015bwiata by\u015bmy zobaczyli(&#8230;)&#8221; Cz.M.<\/p>\n<p align=\"center\">\u017bycz\u0119 dobrego adwentu i wsp\u00f3\u0142brzmi\u0119 w nadziei &#8211; Maranatha!<\/p>\n<p align=\"center\">ps, a jaki zapach ma Wasza nadzieja?<\/p>\n","protected":false},"excerpt":{"rendered":"<p>Kto\u015b powiedzia\u0142 mi, \u017ce dzisiaj to kwiaty ju\u017c nie pachn\u0105, ptaki nie \u015bpiewaj\u0105, kobiety nie gotuj\u0105&#8230; Chyba najwi\u0119ksz\u0105 tragedi\u0105 dla cz\u0142owieka jest brak nadziei. Wtedy choruje dusza cz\u0142owieka. Nic nie cieszy; ani drugi cz\u0142owiek, ani kwiat, pi\u0119kna zima, zach\u00f3d s\u0142o\u0144ca. Mrok ogarnia ca\u0142ego cz\u0142owieka. Beznadzieja! Jak dobrze, \u017ce jest adwent! Lubi\u0119 ten czas. On uczy [&hellip;]<\/p>\n","protected":false},"author":1,"featured_media":0,"comment_status":"open","ping_status":"closed","sticky":false,"template":"","format":"standard","meta":{"ngg_post_thumbnail":0},"categories":[1],"tags":[],"_links":{"self":[{"href":"http:\/\/umacieja.net\/blog\/index.php?rest_route=\/wp\/v2\/posts\/23"}],"collection":[{"href":"http:\/\/umacieja.net\/blog\/index.php?rest_route=\/wp\/v2\/posts"}],"about":[{"href":"http:\/\/umacieja.net\/blog\/index.php?rest_route=\/wp\/v2\/types\/post"}],"author":[{"embeddable":true,"href":"http:\/\/umacieja.net\/blog\/index.php?rest_route=\/wp\/v2\/users\/1"}],"replies":[{"embeddable":true,"href":"http:\/\/umacieja.net\/blog\/index.php?rest_route=%2Fwp%2Fv2%2Fcomments&post=23"}],"version-history":[{"count":0,"href":"http:\/\/umacieja.net\/blog\/index.php?rest_route=\/wp\/v2\/posts\/23\/revisions"}],"wp:attachment":[{"href":"http:\/\/umacieja.net\/blog\/index.php?rest_route=%2Fwp%2Fv2%2Fmedia&parent=23"}],"wp:term":[{"taxonomy":"category","embeddable":true,"href":"http:\/\/umacieja.net\/blog\/index.php?rest_route=%2Fwp%2Fv2%2Fcategories&post=23"},{"taxonomy":"post_tag","embeddable":true,"href":"http:\/\/umacieja.net\/blog\/index.php?rest_route=%2Fwp%2Fv2%2Ftags&post=23"}],"curies":[{"name":"wp","href":"https:\/\/api.w.org\/{rel}","templated":true}]}}