{"id":22,"date":"2007-11-13T20:33:41","date_gmt":"2007-11-13T19:33:41","guid":{"rendered":"http:\/\/www.xmj.livenet.pl\/blog\/?p=22"},"modified":"2011-03-09T13:58:09","modified_gmt":"2011-03-09T11:58:09","slug":"jaki-kosciol-jutra","status":"publish","type":"post","link":"http:\/\/umacieja.net\/blog\/?p=22","title":{"rendered":"Jaki Ko\u015bci\u00f3\u0142 jutra&#8230;?"},"content":{"rendered":"<p style=\"text-align: center\"><img decoding=\"async\" loading=\"lazy\" src=\"http:\/\/umacieja.net\/galeria\/albums\/userpics\/Jubileusz_25_lat_par_102.jpg\" height=\"600\" width=\"450\" \/><\/p>\n<p style=\"text-align: justify\">Ucieszy\u0142em si\u0119, gdy przeczyta\u0142em wczoraj o pewnym wydarzeniu bez precedensu w historii Ko\u015bcio\u0142a P\u0142ockiego (tak poda\u0142y media). Nasz biskup Piotr Libera, pomimo przezi\u0119bienia, wci\u0105gn\u0105\u0142 dres na siebie i czapk\u0119 na uszy i pobiega\u0142 z lud\u017ami. Wydaje si\u0119, \u017ce to nic wielkiego, to normalne, \u017ce ludzie ubieraj\u0105 si\u0119 w dres i czapk\u0119 i biegaj\u0105. Czyli wr\u00f3ci\u0142a normalno\u015b\u0107 do nas. Okaza\u0142o si\u0119, \u017ce Biskup te\u017c ma cia\u0142o ubrane nie tylko w szaty liturgiczne. I dba nie tylko o dusz\u0119 ale i o cia\u0142o!<\/p>\n<p style=\"text-align: justify\">R\u00f3\u017cnie bywa\u0142o w naszym Ko\u015bciele&#8230; nie miejsce tu na &#8222;wypominki&#8221;. Ostatnie sympozjum naukowe WSD w P\u0142ocku pyta\u0142o o <strong>Ko\u015bci\u00f3\u0142 jutra: jaki ma by\u0107?<\/strong> &#8222;M\u0142odzi ko\u0144cz\u0105 szko\u0142y jako analfabeci religijni, pozostaj\u0105 na poziomie z dzieci\u0144stwa, nie potrafi\u0105 si\u0119 modli\u0107&#8221; &#8211; twierdzi\u0142 prelegent ks. L. Slipek, proboszcz warszawskiej parafii. Spotykam si\u0119 z tym i ja np. na katechezie maturzysta nie zna Dekalogu, Pismo \u015bwi\u0119te nie jest autorytetem dla m\u0142odych. Ko\u015bci\u00f3\u0142 dla wielu to nie duchowa ojczyzna, ale to oni, obcy, instytucja, a wiara to prywatna sprawa. Co oni maj\u0105 do tego&#8230;?<\/p>\n<p style=\"text-align: justify\">Jak dotrze\u0107 dzi\u015b do m\u0142odzie\u017cy, kt\u00f3ra nie bywa w Ko\u015bciele? Jak g\u0142osi\u0107 kazania, aby dociera\u0142y do serc ludzkich? A mo\u017ce ksi\u0119\u017ca powinni ucieka\u0107 od doczesno\u015bci, &#8222;bo przesi\u0105kni\u0119ta jest z\u0142ym duchem&#8221;. Czy powinni by\u0107 otwarci na wszelkie formy wsp\u00f3\u0142czesnego my\u015blenia i nie obra\u017ca\u0107 si\u0119 na nowoczesno\u015b\u0107?<\/p>\n<p style=\"text-align: justify\">Tak zwyczajnie zapytam: jak by\u0107 dzi\u015b dobrym katolikiem, ksi\u0119dzem, biskupem? Jaki b\u0119dzie Ko\u015bci\u00f3\u0142 jutra? Ma kto\u015b recept\u0119, rad\u0119, przepis&#8230;? Piszcie&#8230;<\/p>\n<p style=\"text-align: center\"><em>ps fotografia przedstawia m\u00f3j KO\u015aCI\u00d3\u0141. Tytu\u0142: &#8222;Rozdarcie&#8221;.<br \/>\nII miejsce w konkursie regionalnym &#8222;Obok nas&#8221;.<\/em><\/p>\n","protected":false},"excerpt":{"rendered":"<p>Ucieszy\u0142em si\u0119, gdy przeczyta\u0142em wczoraj o pewnym wydarzeniu bez precedensu w historii Ko\u015bcio\u0142a P\u0142ockiego (tak poda\u0142y media). Nasz biskup Piotr Libera, pomimo przezi\u0119bienia, wci\u0105gn\u0105\u0142 dres na siebie i czapk\u0119 na uszy i pobiega\u0142 z lud\u017ami. Wydaje si\u0119, \u017ce to nic wielkiego, to normalne, \u017ce ludzie ubieraj\u0105 si\u0119 w dres i czapk\u0119 i biegaj\u0105. Czyli wr\u00f3ci\u0142a [&hellip;]<\/p>\n","protected":false},"author":1,"featured_media":0,"comment_status":"open","ping_status":"closed","sticky":false,"template":"","format":"standard","meta":{"ngg_post_thumbnail":0},"categories":[1],"tags":[],"_links":{"self":[{"href":"http:\/\/umacieja.net\/blog\/index.php?rest_route=\/wp\/v2\/posts\/22"}],"collection":[{"href":"http:\/\/umacieja.net\/blog\/index.php?rest_route=\/wp\/v2\/posts"}],"about":[{"href":"http:\/\/umacieja.net\/blog\/index.php?rest_route=\/wp\/v2\/types\/post"}],"author":[{"embeddable":true,"href":"http:\/\/umacieja.net\/blog\/index.php?rest_route=\/wp\/v2\/users\/1"}],"replies":[{"embeddable":true,"href":"http:\/\/umacieja.net\/blog\/index.php?rest_route=%2Fwp%2Fv2%2Fcomments&post=22"}],"version-history":[{"count":0,"href":"http:\/\/umacieja.net\/blog\/index.php?rest_route=\/wp\/v2\/posts\/22\/revisions"}],"wp:attachment":[{"href":"http:\/\/umacieja.net\/blog\/index.php?rest_route=%2Fwp%2Fv2%2Fmedia&parent=22"}],"wp:term":[{"taxonomy":"category","embeddable":true,"href":"http:\/\/umacieja.net\/blog\/index.php?rest_route=%2Fwp%2Fv2%2Fcategories&post=22"},{"taxonomy":"post_tag","embeddable":true,"href":"http:\/\/umacieja.net\/blog\/index.php?rest_route=%2Fwp%2Fv2%2Ftags&post=22"}],"curies":[{"name":"wp","href":"https:\/\/api.w.org\/{rel}","templated":true}]}}