{"id":21,"date":"2007-11-09T23:50:58","date_gmt":"2007-11-09T22:50:58","guid":{"rendered":"http:\/\/www.xmj.livenet.pl\/blog\/?p=21"},"modified":"2011-03-09T13:58:21","modified_gmt":"2011-03-09T11:58:21","slug":"ojczyzna-kiedy-mysle","status":"publish","type":"post","link":"http:\/\/umacieja.net\/blog\/?p=21","title":{"rendered":"Ojczyzna, kiedy my\u015bl\u0119&#8230;"},"content":{"rendered":"<p style=\"text-align: center\"><img decoding=\"async\" loading=\"lazy\" src=\"http:\/\/umacieja.net\/galeria\/albums\/userpics\/Italia_07_522.jpg\" height=\"356\" width=\"474\" \/><\/p>\n<p><em>Ojczyzna, kiedy my\u015bl\u0119, w\u00f3wczas wyra\u017cam siebie i zakorzeniam&#8230;<\/em>pisa\u0142 Karol Wojty\u0142a. Dla mnie Ojczyzna to miejsce i czas mego \u017cycia, to ludzie, kt\u00f3rych wspominam dzi\u015b. Uczyli mnie m\u00f3wi\u0107 i my\u015ble\u0107, kocha\u0107 i modli\u0107 si\u0119,  zadziwia\u0107 si\u0119 i cierpie\u0107. Dzisiaj Ojczyzna moja to zakorzenienie w<strong> TYCH<\/strong>, co walczyli o moj\u0105 niepodleg\u0142o\u015b\u0107: wspominam opowie\u015bci Babci o Cudzie nad Wis\u0142\u0105, dzi\u0119kuj\u0119 Obro\u0144com granic zachodnich i wschodnich z roku 1939, smuc\u0119 si\u0119 ofiar\u0105 Polak\u00f3w z Katynia i spod Monte Cassino <em>(fotografia pochodzi z tego cmentarza)<\/em>,  podziwiam szalonych i opuszczonych Warszawskich Powsta\u0144c\u00f3w, modl\u0119 si\u0119 za ofiary komunizmu i za oprawc\u00f3w &#8211; tych co podpisali pakt z diab\u0142em! I wsp\u00f3\u0142czuj\u0119 tym, kt\u00f3rzy nie  potrafi\u0105 wyrazi\u0107 dzisiaj mi\u0142o\u015bci do Ojczyzny&#8230;<\/p>\n<p style=\"text-align: center\" align=\"left\">ps<\/p>\n<p style=\"text-align: center\" align=\"left\">O czym my\u015blisz, gdy m\u00f3wisz OJCZYZNA&#8230;?<\/p>\n","protected":false},"excerpt":{"rendered":"<p>Ojczyzna, kiedy my\u015bl\u0119, w\u00f3wczas wyra\u017cam siebie i zakorzeniam&#8230;pisa\u0142 Karol Wojty\u0142a. Dla mnie Ojczyzna to miejsce i czas mego \u017cycia, to ludzie, kt\u00f3rych wspominam dzi\u015b. Uczyli mnie m\u00f3wi\u0107 i my\u015ble\u0107, kocha\u0107 i modli\u0107 si\u0119, zadziwia\u0107 si\u0119 i cierpie\u0107. Dzisiaj Ojczyzna moja to zakorzenienie w TYCH, co walczyli o moj\u0105 niepodleg\u0142o\u015b\u0107: wspominam opowie\u015bci Babci o Cudzie nad [&hellip;]<\/p>\n","protected":false},"author":1,"featured_media":0,"comment_status":"open","ping_status":"closed","sticky":false,"template":"","format":"standard","meta":{"ngg_post_thumbnail":0},"categories":[1],"tags":[],"_links":{"self":[{"href":"http:\/\/umacieja.net\/blog\/index.php?rest_route=\/wp\/v2\/posts\/21"}],"collection":[{"href":"http:\/\/umacieja.net\/blog\/index.php?rest_route=\/wp\/v2\/posts"}],"about":[{"href":"http:\/\/umacieja.net\/blog\/index.php?rest_route=\/wp\/v2\/types\/post"}],"author":[{"embeddable":true,"href":"http:\/\/umacieja.net\/blog\/index.php?rest_route=\/wp\/v2\/users\/1"}],"replies":[{"embeddable":true,"href":"http:\/\/umacieja.net\/blog\/index.php?rest_route=%2Fwp%2Fv2%2Fcomments&post=21"}],"version-history":[{"count":0,"href":"http:\/\/umacieja.net\/blog\/index.php?rest_route=\/wp\/v2\/posts\/21\/revisions"}],"wp:attachment":[{"href":"http:\/\/umacieja.net\/blog\/index.php?rest_route=%2Fwp%2Fv2%2Fmedia&parent=21"}],"wp:term":[{"taxonomy":"category","embeddable":true,"href":"http:\/\/umacieja.net\/blog\/index.php?rest_route=%2Fwp%2Fv2%2Fcategories&post=21"},{"taxonomy":"post_tag","embeddable":true,"href":"http:\/\/umacieja.net\/blog\/index.php?rest_route=%2Fwp%2Fv2%2Ftags&post=21"}],"curies":[{"name":"wp","href":"https:\/\/api.w.org\/{rel}","templated":true}]}}