{"id":20,"date":"2007-10-30T15:49:17","date_gmt":"2007-10-30T14:49:17","guid":{"rendered":"http:\/\/www.xmj.livenet.pl\/blog\/?p=20"},"modified":"2011-03-09T13:58:56","modified_gmt":"2011-03-09T11:58:56","slug":"czy-mnie-przyjmniesz","status":"publish","type":"post","link":"http:\/\/umacieja.net\/blog\/?p=20","title":{"rendered":"Czy mnie przyjmiesz?"},"content":{"rendered":"<p style=\"text-align: center\"><img decoding=\"async\" loading=\"lazy\" src=\"http:\/\/umacieja.net\/galeria\/albums\/userpics\/Wspolnoty_008.jpg\" height=\"587\" width=\"440\" \/><\/p>\n<p align=\"center\"><strong>&#8222;Kiedy umr\u0119 o Panie, gdy si\u0119 ze \u015bwiatem rozstan\u0119, czy mnie wtedy pokochasz, czy w ramionach ukochasz o Panie, czy mnie do Siebie przyjmiesz,Winem chlebem ugo\u015bcisz?&#8221;<\/strong><\/p>\n<p align=\"justify\">Przysz\u0142y ju\u017c d\u0142u\u017csze i ch\u0142odne wieczory jesienne. Czas <strong>&#8222;Zaduszny&#8221;<\/strong> stawia mi pytania o sens mojego ulotnego w\u0119drowania. Id\u0119 do Pana Boga w\u0142a\u015bnie przez t\u0119 ulotno\u015b\u0107 ?kr\u00f3tko\u015b\u0107  czasu. Ka\u017cda chwila mojego \u017cycia odmierza czas do Pana Boga.<br \/>\nW tym czasie naszego \u017cycia przychodzi ma\u0142e szcz\u0119\u015bcie, rado\u015b\u0107, blisko\u015b\u0107 kochanej osoby, uznanie, pi\u0119kna jesie\u0144, herbata wypita z przyjacielem, spacer po lesie. Czy u\u015bwiadamiamy sobie, \u017ce da\u0142 nam to B\u00f3g?<br \/>\nAle przychodzi te\u017c samotno\u015b\u0107, \u015bmier\u0107 kochanej osoby, upokorzenie, cierpienie, choroba, z\u0142y cz\u0142owiek, obmowa, zranienie, niezrozumienie. Czy wtedy u\u015bwiadamiamy sobie, \u017ce to B\u00f3g da\u0142 nam czas, w kt\u00f3rym mamy dojrzewa\u0107 w naszych do\u015bwiadczeniach? Chodzi o to, \u017ceby\u015bmy umieli dostrzega\u0107 Boga w czasie, kt\u00f3ry mija.<br \/>\nCzy mnie przyjmiesz, Panie? &#8211; pyta T. Kami\u0144ski i ja pytam&#8230;<\/p>\n<p align=\"justify\"><strong>&#8222;Zamiast  \u015bmierci racz z u\u015bmiechem, przyj\u0105\u0107 Panie, pod Twe stopy, \u017cycie moje, jak  r\u00f3\u017caniec&#8221;.<\/strong><br \/>\n(ks. J. Twardowski)<\/p>\n<p>Czy boicie si\u0119 \u015bmierci?<\/p>\n","protected":false},"excerpt":{"rendered":"<p>&#8222;Kiedy umr\u0119 o Panie, gdy si\u0119 ze \u015bwiatem rozstan\u0119, czy mnie wtedy pokochasz, czy w ramionach ukochasz o Panie, czy mnie do Siebie przyjmiesz,Winem chlebem ugo\u015bcisz?&#8221; Przysz\u0142y ju\u017c d\u0142u\u017csze i ch\u0142odne wieczory jesienne. Czas &#8222;Zaduszny&#8221; stawia mi pytania o sens mojego ulotnego w\u0119drowania. Id\u0119 do Pana Boga w\u0142a\u015bnie przez t\u0119 ulotno\u015b\u0107 ?kr\u00f3tko\u015b\u0107 czasu. Ka\u017cda chwila [&hellip;]<\/p>\n","protected":false},"author":1,"featured_media":0,"comment_status":"open","ping_status":"closed","sticky":false,"template":"","format":"standard","meta":{"ngg_post_thumbnail":0},"categories":[1],"tags":[],"_links":{"self":[{"href":"http:\/\/umacieja.net\/blog\/index.php?rest_route=\/wp\/v2\/posts\/20"}],"collection":[{"href":"http:\/\/umacieja.net\/blog\/index.php?rest_route=\/wp\/v2\/posts"}],"about":[{"href":"http:\/\/umacieja.net\/blog\/index.php?rest_route=\/wp\/v2\/types\/post"}],"author":[{"embeddable":true,"href":"http:\/\/umacieja.net\/blog\/index.php?rest_route=\/wp\/v2\/users\/1"}],"replies":[{"embeddable":true,"href":"http:\/\/umacieja.net\/blog\/index.php?rest_route=%2Fwp%2Fv2%2Fcomments&post=20"}],"version-history":[{"count":0,"href":"http:\/\/umacieja.net\/blog\/index.php?rest_route=\/wp\/v2\/posts\/20\/revisions"}],"wp:attachment":[{"href":"http:\/\/umacieja.net\/blog\/index.php?rest_route=%2Fwp%2Fv2%2Fmedia&parent=20"}],"wp:term":[{"taxonomy":"category","embeddable":true,"href":"http:\/\/umacieja.net\/blog\/index.php?rest_route=%2Fwp%2Fv2%2Fcategories&post=20"},{"taxonomy":"post_tag","embeddable":true,"href":"http:\/\/umacieja.net\/blog\/index.php?rest_route=%2Fwp%2Fv2%2Ftags&post=20"}],"curies":[{"name":"wp","href":"https:\/\/api.w.org\/{rel}","templated":true}]}}