{"id":18,"date":"2007-10-17T22:30:44","date_gmt":"2007-10-17T21:30:44","guid":{"rendered":"http:\/\/www.xmj.livenet.pl\/blog\/?p=18"},"modified":"2011-03-09T14:09:44","modified_gmt":"2011-03-09T12:09:44","slug":"dziekuje-za-jego-doczesnoscprosze-i-wiecznosc","status":"publish","type":"post","link":"http:\/\/umacieja.net\/blog\/?p=18","title":{"rendered":"Dzi\u0119kuj\u0119 za Jego doczesno\u015b\u0107!Prosz\u0119 o wieczno\u015b\u0107&#8230;"},"content":{"rendered":"<p align=\"center\"><img decoding=\"async\" loading=\"lazy\" src=\"http:\/\/umacieja.net\/galeria\/albums\/userpics\/Dzie%C5%84_papieski_07_LO_106.jpg\" height=\"587\" width=\"440\" \/><\/p>\n<p>29 lat temu po godz. 17.00 dowiedzieli\u015bmy sie, \u017ce Polak, kardyna\u0142 Karol Wojty\u0142a zosta\u0142 powo\u0142any na Stolic\u0119 Apostolsk\u0105 w Rzymie jako zast\u0119pca Jezusa Chrystusa tu na ziemi. Ziemia ta, to doczesno\u015b\u0107. Ona jest wa\u017cna, bo w niej \u017cyjemy i w niej dokonujemy wybor\u00f3w. To one decyduj\u0105 o naszej wieczno\u015bci, b\u0105d\u017a nico\u015bci&#8230;<\/p>\n<p>Dobrze, \u017ce mieli\u015bmy i mamy takiego Przewodnika po doczesno\u015bci, kt\u00f3ry prowadzi do wieczno\u015bci.<\/p>\n<p>16.10.07 w LO im. Z. Krasi\u0144skiego mogli\u015bmy <strong>&#8222;da\u0107 si\u0119 nakarmi\u0107&#8221;<\/strong>: doczesnym kawa\u0142kiem ciastka (smaczne by\u0142y i dzi\u0119kuj\u0119 Tym, kt\u00f3rzy podzielili si\u0119 swoim kawa\u0142kiem talentu kulinarnego) oraz s\u0142owem Jana Paw\u0142a II (ono pokaza\u0142o nam jak \u017cy\u0107 w doczesno\u015bci, przej\u015b\u0107 przez ni\u0105 i aby doj\u015b\u0107 do wieczno\u015bci).<\/p>\n<p align=\"center\"><strong>Kt\u00f3re S\u0142owa Jana Paw\u0142a II s\u0105 dla Ciebie wa\u017cne?<\/strong><\/p>\n","protected":false},"excerpt":{"rendered":"<p>29 lat temu po godz. 17.00 dowiedzieli\u015bmy sie, \u017ce Polak, kardyna\u0142 Karol Wojty\u0142a zosta\u0142 powo\u0142any na Stolic\u0119 Apostolsk\u0105 w Rzymie jako zast\u0119pca Jezusa Chrystusa tu na ziemi. Ziemia ta, to doczesno\u015b\u0107. Ona jest wa\u017cna, bo w niej \u017cyjemy i w niej dokonujemy wybor\u00f3w. To one decyduj\u0105 o naszej wieczno\u015bci, b\u0105d\u017a nico\u015bci&#8230; Dobrze, \u017ce mieli\u015bmy i [&hellip;]<\/p>\n","protected":false},"author":1,"featured_media":0,"comment_status":"open","ping_status":"closed","sticky":false,"template":"","format":"standard","meta":{"ngg_post_thumbnail":0},"categories":[1],"tags":[],"_links":{"self":[{"href":"http:\/\/umacieja.net\/blog\/index.php?rest_route=\/wp\/v2\/posts\/18"}],"collection":[{"href":"http:\/\/umacieja.net\/blog\/index.php?rest_route=\/wp\/v2\/posts"}],"about":[{"href":"http:\/\/umacieja.net\/blog\/index.php?rest_route=\/wp\/v2\/types\/post"}],"author":[{"embeddable":true,"href":"http:\/\/umacieja.net\/blog\/index.php?rest_route=\/wp\/v2\/users\/1"}],"replies":[{"embeddable":true,"href":"http:\/\/umacieja.net\/blog\/index.php?rest_route=%2Fwp%2Fv2%2Fcomments&post=18"}],"version-history":[{"count":0,"href":"http:\/\/umacieja.net\/blog\/index.php?rest_route=\/wp\/v2\/posts\/18\/revisions"}],"wp:attachment":[{"href":"http:\/\/umacieja.net\/blog\/index.php?rest_route=%2Fwp%2Fv2%2Fmedia&parent=18"}],"wp:term":[{"taxonomy":"category","embeddable":true,"href":"http:\/\/umacieja.net\/blog\/index.php?rest_route=%2Fwp%2Fv2%2Fcategories&post=18"},{"taxonomy":"post_tag","embeddable":true,"href":"http:\/\/umacieja.net\/blog\/index.php?rest_route=%2Fwp%2Fv2%2Ftags&post=18"}],"curies":[{"name":"wp","href":"https:\/\/api.w.org\/{rel}","templated":true}]}}