{"id":173,"date":"2010-12-23T23:20:43","date_gmt":"2010-12-23T21:20:43","guid":{"rendered":"http:\/\/www.umacieja.net\/blog\/?p=173"},"modified":"2010-12-24T10:24:57","modified_gmt":"2010-12-24T08:24:57","slug":"zyczenia-spod-mojej-strzechy","status":"publish","type":"post","link":"http:\/\/umacieja.net\/blog\/?p=173","title":{"rendered":"\u017byczenia spod mojej strzechy."},"content":{"rendered":"<p style=\"text-align: center\"><img decoding=\"async\" loading=\"lazy\" src=\"http:\/\/umacieja.net\/galeria\/albums\/userpics\/Ziemia_Swi%C4%99ta_07_748.jpg\" height=\"367\" width=\"491\" \/><\/p>\n<p>Ostatnio wys\u0142ucha\u0142em narzeka\u0144 ludzi, \u017ce nie &#8222;czuj\u0105&#8221; klimatu \u015awi\u0105t Bo\u017cego Narodzenia; \u017ce kiedy\u015b by\u0142o inaczej &#8211; tzn g\u0142\u0119biej ludzie prze\u017cywali ten czas. To chyba sami sobie zgotowali\u015bmy ten los. Wszechobecny pospiech, sprz\u0105tanie, gotowanie, pranie, zakupy, atmosfera \u015bwi\u0105teczna ju\u017c od listopada w sklepach, zapomniane roraty, adwent, rekolekcje (a spowied\u017a odk\u0142adamy na ostatnie chwile w przerwie zakupowej). Przychodzi wigilia i dwa dni wolnego. Nie mamy ju\u017c czasu i si\u0142, by \u015bwi\u0119towa\u0107. Aby cieszy\u0107 si\u0119 NIM, kt\u00f3ry JEST g\u0142\u00f3wn\u0105 postaci\u0105 tego \u015awi\u0119ta. Pasterka o 24.00, to za p\u00f3\u017ano. \u015awi\u0119ta staj\u0105 si\u0119 wi\u0119c okazj\u0105, aby si\u0119 wyspa\u0107&#8230;? Problemem jest podej\u015bcie do cz\u0142owieka z op\u0142atkiem&#8230;Bo, co powiedzie\u0107? Je\u015bli nie prze\u017cyjemy adwentu po chrze\u015bcija\u0144sku, nie p\u00f3jdziemy na roraty, nie skorzystamy z rekolekcji, to i Bo\u017ce Narodzenie i ca\u0142e \u017cycie zaprogramuj\u0105 nam specjali\u015bci od reklamy, marketingu, poprawno\u015bci politycznej. B\u0119dziemy marionetkami.<\/p>\n<p>Wszystkim moim Przyjacio\u0142om i uwa\u017caj\u0105cym si\u0119 za Wrog\u00f3w,\u00a0 \u017cycz\u0119 blisko\u015bci p\u0142yn\u0105cej z Komunii z TYM, KT\u00d3RY JEST. ON przychodzi w nasz\u0105 szar\u0105 codzienno\u015b\u0107. Pokazuje nam, \u017ce mo\u017cemy sta\u0107 si\u0119 ma\u0142ym Nazaretem czy Betlejem. Zazwyczaj dzisiaj mamy wszystko, o czym marzymy. A brakuje nam najcz\u0119\u015bciej mi\u0142o\u015bci, kt\u00f3ra kr\u00f3lowa\u0142a w stajence w Betlejem. \u017bycz\u0119, aby\u015bmy byli pieluszk\u0105 (tak potrzebn\u0105 w chwili narodzin i odchodzenia z tego \u015bwiata), w kt\u00f3r\u0105 Maryja owin\u0119\u0142a sw\u00f3j Skarb. Ona by\u0142a najbli\u017cej&#8230;<\/p>\n<p>Jak powiadaj\u0105 Arabowie&#8230;:&#8221;Kto nas kocha, niech kocha dalej. Temu, co nas nie kocha, niech B\u00f3g odmieni serce. A je\u015bli nie potrafi odmieni\u0107 serca, niech mu skr\u0119ci nog\u0119, aby\u015bmy poznali go po utykaniu&#8230;&#8221;. To takie ma\u0142o poprawne politycznie \u017cyczenia, ma\u0142o humanitarne, ale szczere!<\/p>\n<p>B\u0142ogos\u0142awionych \u015awi\u0105t Bo\u017cego Narodzenia i jak najmniej utykania ze wzgl\u0119du na: Ko\u015bci\u00f3\u0142, ksi\u0119dza, osio\u0142ka, Miko\u0142aja, \u017con\u0119, m\u0119\u017ca, dzieci, cyklist\u00f3w, drogowc\u00f3w, pogod\u0119.<\/p>\n<p>PS Foto z Betlejem.<\/p>\n","protected":false},"excerpt":{"rendered":"<p>Ostatnio wys\u0142ucha\u0142em narzeka\u0144 ludzi, \u017ce nie &#8222;czuj\u0105&#8221; klimatu \u015awi\u0105t Bo\u017cego Narodzenia; \u017ce kiedy\u015b by\u0142o inaczej &#8211; tzn g\u0142\u0119biej ludzie prze\u017cywali ten czas. To chyba sami sobie zgotowali\u015bmy ten los. Wszechobecny pospiech, sprz\u0105tanie, gotowanie, pranie, zakupy, atmosfera \u015bwi\u0105teczna ju\u017c od listopada w sklepach, zapomniane roraty, adwent, rekolekcje (a spowied\u017a odk\u0142adamy na ostatnie chwile w przerwie zakupowej). [&hellip;]<\/p>\n","protected":false},"author":1,"featured_media":0,"comment_status":"open","ping_status":"closed","sticky":false,"template":"","format":"standard","meta":{"ngg_post_thumbnail":0},"categories":[1],"tags":[],"_links":{"self":[{"href":"http:\/\/umacieja.net\/blog\/index.php?rest_route=\/wp\/v2\/posts\/173"}],"collection":[{"href":"http:\/\/umacieja.net\/blog\/index.php?rest_route=\/wp\/v2\/posts"}],"about":[{"href":"http:\/\/umacieja.net\/blog\/index.php?rest_route=\/wp\/v2\/types\/post"}],"author":[{"embeddable":true,"href":"http:\/\/umacieja.net\/blog\/index.php?rest_route=\/wp\/v2\/users\/1"}],"replies":[{"embeddable":true,"href":"http:\/\/umacieja.net\/blog\/index.php?rest_route=%2Fwp%2Fv2%2Fcomments&post=173"}],"version-history":[{"count":0,"href":"http:\/\/umacieja.net\/blog\/index.php?rest_route=\/wp\/v2\/posts\/173\/revisions"}],"wp:attachment":[{"href":"http:\/\/umacieja.net\/blog\/index.php?rest_route=%2Fwp%2Fv2%2Fmedia&parent=173"}],"wp:term":[{"taxonomy":"category","embeddable":true,"href":"http:\/\/umacieja.net\/blog\/index.php?rest_route=%2Fwp%2Fv2%2Fcategories&post=173"},{"taxonomy":"post_tag","embeddable":true,"href":"http:\/\/umacieja.net\/blog\/index.php?rest_route=%2Fwp%2Fv2%2Ftags&post=173"}],"curies":[{"name":"wp","href":"https:\/\/api.w.org\/{rel}","templated":true}]}}