{"id":171,"date":"2010-12-17T22:35:09","date_gmt":"2010-12-17T20:35:09","guid":{"rendered":"http:\/\/www.umacieja.net\/blog\/?p=171"},"modified":"2010-12-17T22:37:17","modified_gmt":"2010-12-17T20:37:17","slug":"posprzatac-swoje-wnetrze","status":"publish","type":"post","link":"http:\/\/umacieja.net\/blog\/?p=171","title":{"rendered":"Posprz\u0105ta\u0107 swoje wn\u0119trze."},"content":{"rendered":"<p style=\"text-align: center\"><img decoding=\"async\" loading=\"lazy\" src=\"http:\/\/umacieja.net\/galeria\/albums\/userpics\/Jase%C5%82ka_2010_052.jpg\" height=\"367\" width=\"490\" \/><\/p>\n<p>Dzisiaj, na lekcji religii w klasie I (mojej ulubionej),\u00a0 opowiadam o roratach i pieczeniu kie\u0142basek w kominku w te mro\u017ane dni, pytam dzieci czy by\u0142y przynajmniej raz na roratach? Dziewczynka\u00a0 nagle wstaje i m\u00f3wi, \u017ce szatan nie pozwala chodzi\u0107 do ko\u015bcio\u0142a jej Tatusiowi. A sk\u0105d wiesz, pytam? No i w tym miejscu nast\u0105pi\u0142a lawina opowie\u015bci o domu, \u017cyciu, relacjach w rodzinie. Niesamowite wyczucie \u017cycia\u00a0 &#8211; intuicj\u0119 maj\u0105 dzieci w tym wieku. S\u0105 bezb\u0142\u0119dne. Trafnie opisuj\u0105 \u017cycie. Bez ob\u0142udy, zak\u0142amania, owijania, udawania, zagniewania. To dlatego Maryja najch\u0119tniej objawia\u0142a si\u0119 dzieciom!<\/p>\n<p>Pozosta\u0142 ju\u017c ostatni tydzie\u0144 adwentu. Pogoda jaka jest wszyscy widz\u0105 i do\u015bwiadczaj\u0105. Kwitnie &#8222;duchowo\u015b\u0107 styropianowa&#8221; &#8211; a jak to powiada moja znajoma: &#8222;pleksiglasowa&#8221;. Wida\u0107 j\u0105 w tv, w sklepach, mo\u017ce i w domach? Zatraca si\u0119 coraz bardziej chrze\u015bcija\u0144ski wymiar obchodzenia \u015awi\u0105t Bo\u017cego Narodzenia. Przyk\u0142ady z mojego podw\u00f3rka: Kilka razy w roku rozmawiam z tym cz\u0142owiekiem. Pytam, czemu nie chodzi do ko\u015bcio\u0142a? Nie widz\u0119 go w ko\u015bciele nawet w najwi\u0119ksze \u015bwi\u0119ta. (Jego \u015bp. ojciec by\u0142 w asy\u015bcie procesyjnej, bardzo pobo\u017cny). Ma ok 3 km do ko\u015bcio\u0142a. Nie przychodzi, bot\u0142umaczy: zawia\u0142o drog\u0119, bo zala\u0142o pole, bo b\u0142oto, bo za gor\u0105co, bo \u017cniwa&#8230; A ka\u017cdego dnia potrafi przyj\u015b\u0107 do sklepu po wino (150 m przed ko\u015bcio\u0142em) i nie ma problemu! Do ko\u015bcio\u0142a za daleko! Zabrak\u0142o par\u0119 metr\u00f3w. Nic doda\u0107&#8230;<\/p>\n<p>Albo nie mog\u0119 zrozumie\u0107 my\u015blenia niekt\u00f3rych katolik\u00f3w (bo za takich si\u0119 uwa\u017caj\u0105). Obra\u017caj\u0105 si\u0119 na ksi\u0119dza i Ko\u015bci\u00f3\u0142 (s\u0142usznie czy nie) i na Mszy ich nie zobaczysz! Protestuj\u0105. Na z\u0142o\u015b\u0107 babci, odmra\u017caj\u0105 sobie uszy&#8230; My\u015blenie ch\u0142opca z piaskownicy, a nie d\u017centelmena. Szuka innej piaskownicy, bo si\u0119 \u0142askawie obrazi\u0142, zamiast po m\u0119sku si\u0119 wyrazi\u0107 &#8211; wyrazi\u015bcie. O takich ludziach o. Jan G\u00f3ra, na rekolekcjach odprawianych 12 lat temu na Jamnej, m\u00f3wi\u0142: &#8222;G &#8211; wno mnie obchodz\u0105 twoje humory; prosz\u0119 nie za\u015bmieca\u0107 \u015brodowiska!&#8221;.<\/p>\n<p>Czas na od\u015bnie\u017canie, czas na sprz\u0105tanie domu, czas na sprz\u0105tanie swojego wn\u0119trza! Lubi\u0119 ten czas. Niech Twoje serce b\u0119dzie Nazaretem!<\/p>\n","protected":false},"excerpt":{"rendered":"<p>Dzisiaj, na lekcji religii w klasie I (mojej ulubionej),\u00a0 opowiadam o roratach i pieczeniu kie\u0142basek w kominku w te mro\u017ane dni, pytam dzieci czy by\u0142y przynajmniej raz na roratach? Dziewczynka\u00a0 nagle wstaje i m\u00f3wi, \u017ce szatan nie pozwala chodzi\u0107 do ko\u015bcio\u0142a jej Tatusiowi. A sk\u0105d wiesz, pytam? No i w tym miejscu nast\u0105pi\u0142a lawina opowie\u015bci [&hellip;]<\/p>\n","protected":false},"author":1,"featured_media":0,"comment_status":"open","ping_status":"closed","sticky":false,"template":"","format":"standard","meta":{"ngg_post_thumbnail":0},"categories":[1],"tags":[],"_links":{"self":[{"href":"http:\/\/umacieja.net\/blog\/index.php?rest_route=\/wp\/v2\/posts\/171"}],"collection":[{"href":"http:\/\/umacieja.net\/blog\/index.php?rest_route=\/wp\/v2\/posts"}],"about":[{"href":"http:\/\/umacieja.net\/blog\/index.php?rest_route=\/wp\/v2\/types\/post"}],"author":[{"embeddable":true,"href":"http:\/\/umacieja.net\/blog\/index.php?rest_route=\/wp\/v2\/users\/1"}],"replies":[{"embeddable":true,"href":"http:\/\/umacieja.net\/blog\/index.php?rest_route=%2Fwp%2Fv2%2Fcomments&post=171"}],"version-history":[{"count":0,"href":"http:\/\/umacieja.net\/blog\/index.php?rest_route=\/wp\/v2\/posts\/171\/revisions"}],"wp:attachment":[{"href":"http:\/\/umacieja.net\/blog\/index.php?rest_route=%2Fwp%2Fv2%2Fmedia&parent=171"}],"wp:term":[{"taxonomy":"category","embeddable":true,"href":"http:\/\/umacieja.net\/blog\/index.php?rest_route=%2Fwp%2Fv2%2Fcategories&post=171"},{"taxonomy":"post_tag","embeddable":true,"href":"http:\/\/umacieja.net\/blog\/index.php?rest_route=%2Fwp%2Fv2%2Ftags&post=171"}],"curies":[{"name":"wp","href":"https:\/\/api.w.org\/{rel}","templated":true}]}}