{"id":17,"date":"2007-10-12T21:52:25","date_gmt":"2007-10-12T20:52:25","guid":{"rendered":"http:\/\/www.xmj.livenet.pl\/blog\/?p=17"},"modified":"2011-03-09T14:09:13","modified_gmt":"2011-03-09T12:09:13","slug":"dziedzictwo-malej-arabki","status":"publish","type":"post","link":"http:\/\/umacieja.net\/blog\/?p=17","title":{"rendered":"Dziedzictwo &#8222;Ma\u0142ej Arabki&#8221;"},"content":{"rendered":"<p style=\"text-align: center\"><img decoding=\"async\" loading=\"lazy\" src=\"http:\/\/umacieja.net\/galeria\/albums\/userpics\/Ziemia_Swi%C4%99ta_07_712.jpg\" height=\"367\" width=\"490\" \/><\/p>\n<p align=\"justify\">Podczas mojej pielgrzymki po Ziemi \u015awi\u0119tej odwiedzili\u015bmy Karmel Dzieci\u0105tka Jezus w Betlejem, kt\u00f3ry powsta\u0142 z inspiracji B\u0142ogos\u0142awionej Marii od Jezusa Ukrzy\u017cowanego, zwanej &#8222;Ma\u0142\u0105 Arabk\u0105&#8221;. &#8222;Karmel betlejemski staje si\u0119 stopniowo centrum duchowym chrze\u015bcijan palesty\u0144skich&#8221; pisa\u0142  ks. H. Seweryniak i zach\u0119ca\u0142 do odwiedzenia tego wyj\u0105tkowego miejsca. Rodzona Siostra ks. Seweryniaka &#8211; s. M. Lucyna od Krzy\u017ca jest tam Przeorysz\u0105. Przyj\u0119\u0142a nas serdecznie, opowiedzia\u0142a z wielkim zapa\u0142em o Mariam Baouardy, mistyczce palesty\u0144skiej (&#8222;Ma\u0142ej Arabce&#8221;), pokaza\u0142a o niej film.  Siostry czuj\u0105 si\u0119 odpowiedzialne za dziedzictwo &#8222;Ma\u0142ej Arabki&#8221;, kt\u00f3re zosta\u0142o im powierzone, daj\u0105 oparcie chrze\u015bcijanom palesty\u0144skim, wspomagaj\u0105 modlitw\u0105 i kontemplacj\u0105 spraw\u0119 pojednania palesty\u0144sko-izraelskiego.<\/p>\n<p align=\"justify\">Islamizacja Betlejem przyczynia si\u0119 do tego, \u017ce chrze\u015bcijanie trac\u0105 zainteresowanie swoim by\u0142ym \u015bwi\u0119tym miastem. Dlatego wspierajmy nasz\u0105 modlitw\u0105, s\u0142owem, gestem, odwiedzinami (w miar\u0119 mo\u017cliwo\u015bci) dzie\u0142o betlejemskiego Karmelu. Przeorysza s. M. Lucyna pisze tak o betlejemskim karmelu:<\/p>\n<p align=\"justify\">&#8222;W Roku Jubileuszowym 2000, Patriarcha Ko\u015bcio\u0142a Jerozolimskiego Michel Sabbah zwr\u00f3ci\u0142 si\u0119 do Si\u00f3str Karmelitanek w Dysie ko\u0142o Lublina z pro\u015bb\u0105 o pomoc w refundacji, odnowieniu Karmelu w Betlejem. Zaprasza\u0142 nas zw\u0142aszcza do modlitwy z betlejemitami i za betlejemit\u00f3w. 18 wrze\u015bnia 2000 roku, w \u015bwi\u0119to \u015bw. Stanis\u0142awa Kostki, odpowiedzia\u0142y\u015bmy na to wezwanie, wyruszaj\u0105c w drog\u0119 do Ziemi \u015awi\u0119tej. Dzi\u015b kontynuujemy rozpocz\u0119te wtedy dzie\u0142o, \u017cyj\u0105c w ma\u0142ej mi\u0119dzynarodowej wsp\u00f3lnocie betlejemskiego karmelu. Czujemy si\u0119 coraz bardziej wprowadzane w misterium S\u0142owa, kt\u00f3re Cia\u0142em si\u0119 sta\u0142o, Cia\u0142em wydanym za ludzko\u015b\u0107, Cia\u0142em przemienionym&#8230; Betlejem &#8222;dom chleba&#8230; Emmaus&#8221; \u0142amanie chleba&#8230; Jeste\u015bmy wdzi\u0119czne Bogu za dar \u017cycia w Ziemi Jezusa; za dziedzictwo ?Ma\u0142ej Arabki?, kt\u00f3re powierzy\u0142 naszej trosce w tych trudnych, niespokojnych czasach; za to, \u017ce mo\u017cemy by\u0107 oparciem dla prze\u015bladowanych chrze\u015bcijan palesty\u0144skich; za mo\u017cliwo\u015b\u0107 kontemplacji ci\u0105gle trwaj\u0105cej Tajemnicy Bo\u017cego Narodzenia, poniewa\u017c, jak m\u00f3wi\u0142 Jan Pawe\u0142 II podczas swojej pami\u0119tnej Pielgrzymki do Izraela &#8211; w Betlejem jest zawsze Bo\u017ce Narodzenie&#8230; I ka\u017cdego dnia jeste\u015bmy wezwani do g\u0142oszenia \u015bwiatu betlejemskiego or\u0119dzia &#8211; &#8222;dobrej nowiny wielkiej rado\u015bci&#8221;: Odwieczne S\u0142owo, &#8222;B\u00f3g z Boga, \u015awiat\u0142o ze \u015awiat\u0142o\u015bci&#8221; sta\u0142o si\u0119 cia\u0142em i zamieszka\u0142o w\u015br\u00f3d nas. Nowo narodzone Dzieci\u0119, bezbronne i ca\u0142kowicie zale\u017cne od troski Maryi i J\u00f3zefa, powierzone ich mi\u0142o\u015bci, jest ca\u0142ym bogactwem \u015bwiata. Ono jest naszym wszystkim!&#8221;<\/p>\n<p>s. M. Lucyna (Seweryniak) od Krzy\u017ca<\/p>\n<p>CARMEL DE L ENFANT JESUS, P. 0. B. 32015, 91001 JERUSALEM<\/p>\n<p>e-mail: carmelbet@palnet.com<\/p>\n","protected":false},"excerpt":{"rendered":"<p>Podczas mojej pielgrzymki po Ziemi \u015awi\u0119tej odwiedzili\u015bmy Karmel Dzieci\u0105tka Jezus w Betlejem, kt\u00f3ry powsta\u0142 z inspiracji B\u0142ogos\u0142awionej Marii od Jezusa Ukrzy\u017cowanego, zwanej &#8222;Ma\u0142\u0105 Arabk\u0105&#8221;. &#8222;Karmel betlejemski staje si\u0119 stopniowo centrum duchowym chrze\u015bcijan palesty\u0144skich&#8221; pisa\u0142 ks. H. Seweryniak i zach\u0119ca\u0142 do odwiedzenia tego wyj\u0105tkowego miejsca. Rodzona Siostra ks. Seweryniaka &#8211; s. M. Lucyna od Krzy\u017ca jest [&hellip;]<\/p>\n","protected":false},"author":1,"featured_media":0,"comment_status":"open","ping_status":"closed","sticky":false,"template":"","format":"standard","meta":{"ngg_post_thumbnail":0},"categories":[1],"tags":[],"_links":{"self":[{"href":"http:\/\/umacieja.net\/blog\/index.php?rest_route=\/wp\/v2\/posts\/17"}],"collection":[{"href":"http:\/\/umacieja.net\/blog\/index.php?rest_route=\/wp\/v2\/posts"}],"about":[{"href":"http:\/\/umacieja.net\/blog\/index.php?rest_route=\/wp\/v2\/types\/post"}],"author":[{"embeddable":true,"href":"http:\/\/umacieja.net\/blog\/index.php?rest_route=\/wp\/v2\/users\/1"}],"replies":[{"embeddable":true,"href":"http:\/\/umacieja.net\/blog\/index.php?rest_route=%2Fwp%2Fv2%2Fcomments&post=17"}],"version-history":[{"count":0,"href":"http:\/\/umacieja.net\/blog\/index.php?rest_route=\/wp\/v2\/posts\/17\/revisions"}],"wp:attachment":[{"href":"http:\/\/umacieja.net\/blog\/index.php?rest_route=%2Fwp%2Fv2%2Fmedia&parent=17"}],"wp:term":[{"taxonomy":"category","embeddable":true,"href":"http:\/\/umacieja.net\/blog\/index.php?rest_route=%2Fwp%2Fv2%2Fcategories&post=17"},{"taxonomy":"post_tag","embeddable":true,"href":"http:\/\/umacieja.net\/blog\/index.php?rest_route=%2Fwp%2Fv2%2Ftags&post=17"}],"curies":[{"name":"wp","href":"https:\/\/api.w.org\/{rel}","templated":true}]}}