{"id":1452,"date":"2013-09-17T22:19:01","date_gmt":"2013-09-17T20:19:01","guid":{"rendered":"http:\/\/www.umacieja.net\/blog\/?p=1452"},"modified":"2013-09-18T16:10:27","modified_gmt":"2013-09-18T14:10:27","slug":"tu-w-dulsku-horyzont-szerszy-atmosfera-jasniejsza","status":"publish","type":"post","link":"http:\/\/umacieja.net\/blog\/?p=1452","title":{"rendered":"Tu \u2013 w Dulsku &#8211; &#8222;horyzont szerszy, atmosfera ja\u015bniejsza&#8230;&#8221;"},"content":{"rendered":"<p><center><a href=\"http:\/\/www.umacieja.net\/blog\/wp-content\/uploads\/2013\/09\/Remonty_2013_212.jpg\"><img decoding=\"async\" loading=\"lazy\" class=\"size-full wp-image-1453 alignright\" alt=\"SONY DSC\" src=\"http:\/\/www.umacieja.net\/blog\/wp-content\/uploads\/2013\/09\/Remonty_2013_212.jpg\" width=\"492\" height=\"327\" \/><\/a><a href=\"http:\/\/www.umacieja.net\/blog\/wp-content\/uploads\/2013\/09\/Remonty_2013_218.jpg\"><img decoding=\"async\" loading=\"lazy\" class=\"aligncenter size-full wp-image-1454\" alt=\"SONY DSC\" src=\"http:\/\/www.umacieja.net\/blog\/wp-content\/uploads\/2013\/09\/Remonty_2013_218.jpg\" width=\"492\" height=\"326\" \/><\/a><\/center><br \/>\n&#8222;Wiejskie parafie to ma\u0142e nieba.&#8221; Tak napisa\u0142a pewna osoba w komentarzu pod jednym z pierwszych wpis\u00f3w dotycz\u0105cych parafii w Dulsku. (kiedy\u015b &#8211; 3 lata temu!- to ludziom chcia\u0142o si\u0119 jeszcze napisa\u0107 komentarz. Dzisiaj to nawet da\u0107 lajka wydaje si\u0119 by\u0107 nie lada wysi\u0142kiem&#8230;nasta\u0142y chyba mia\u0142kie czasy!). Wracaj\u0105c do my\u015bli wyra\u017conej w komentarzu, \u017ce mamy ma\u0142e niebo w naszej wiejskiej parafii, ciekawy jestem na czym to niebo u nas mog\u0142oby polega\u0107? Czyta\u0142em wczoraj<a href=\"http:\/\/www.diecezjaplocka.pl\/index.php?art_id=1505\"> kazanie Biskupa P\u0142ockiego na diecezjalnych Do\u017cynkach w Strzegowie<\/a> (zach\u0119cam do lektury), w kt\u00f3rym to nasz Biskup wspomnia\u0142: <em>&#8222;m\u0142ody Henryk Sienkiewicz by\u0142 guwernerem, czyli domowym nauczycielem, a przygotowuj\u0105c si\u0119 do matury i podj\u0119cia studi\u00f3w, obserwowa\u0142 \u017cycie wsi, du\u017co czyta\u0142 i podj\u0105\u0142 decyzj\u0119, \u017ce zostanie pisarzem. I temu, czego na mazowieckiej wsi si\u0119 nauczy\u0142, da\u0142 wyraz kilka lat p\u00f3\u017aniej w reporta\u017cu z procesji Bo\u017cego Cia\u0142a, kt\u00f3r\u0105 obserwowa\u0142 z wie\u017cy ko\u015bcio\u0142a \u015awi\u0119tego Krzy\u017ca w Warszawie. Pisa\u0142 tam, co widzia\u0142 z tej wysokiej wie\u017cy: \u201eJakby zgi\u0119ty k\u0142os chyl\u0105 si\u0119 przed Sakramentem \u015bwiat\u0142a i barwiste chor\u0105gwie; z piersi t\u0142um\u00f3w zerwie si\u0119 pie\u015b\u0144 ogromna. [&#8230;] Dobrze jest czasem spojrze\u0107 z wysoko\u015bci na codzienne sprawy ludzkie, a i na ludzi samych. Jak\u017ce ma\u0142ymi wydaj\u0105 si\u0119, na przyk\u0142ad, niekt\u00f3re nasze znakomito\u015bci miejscowe, widziane cho\u0107by tylko z takiej wysoko\u015bci jak \u015bwi\u0119tokrzyska wie\u017ca [&#8230;]. O dziwo! Wydaj\u0105 nam si\u0119 robaczkami! Ach! Warszawscy moi czytelnicy, na wy\u017cyny wychod\u017acie, na wy\u017cyny jak najcz\u0119\u015bciej! Stamt\u0105d nie tylko nasze rogatki wida\u0107, nasze ma\u0142omiejskie k\u0142\u00f3tnie i burze w \u0142y\u017cce wody. <strong>Tam horyzont szerszy, atmosfera ja\u015bniejsza<\/strong>; w blaskach zachodz\u0105cego s\u0142o\u0144ca wida\u0107 Wis\u0142\u0119 rodzon\u0105, a tam pola i \u0142\u0105ki, i wierzbowe gaje, i lasy, i bory, i szeroki szmat kraju ca\u0142ego. Na wy\u017cyny, o czytelnicy moi, na wy\u017cyny!\u201d<\/em><\/p>\n<p>Gdy patrzymy z wysoko\u015bci nieba, wieczno\u015bci, z dystansem do tego \u015bwiata, to wi\u0119cej wida\u0107, horyzont szerszy i atmosfera ja\u015bniejsza&#8230;Pan Rysiu, nasz niestrudzony Ko\u015bcielny, wi\u0119kszo\u015b\u0107 \u017cycia przepracowa\u0142 w kopalni. Gdy wr\u00f3ci\u0142 tu w nasze strony na emerytur\u0119, to by\u0142 oczarowany widokiem, \u017ce niebo takie tu pi\u0119kne i horyzont taki wielki.<\/p>\n<p>Pewnie daleko nam do nieba jeszcze&#8230; gdy <a href=\"http:\/\/niepoprawni.pl\/blog\/3444\/bp-jozef-zawitkowski-%E2%80%93-homilia-jasna-gora-1092013\">czytam s\u0142owa kazania do\u017cynkowego na Jasnej G\u00f3rze <\/a>i <a href=\"http:\/\/www.radiomaryja.pl\/multimedia\/homilia-wygloszona-przez-ks-bp-jozefa-zawitkowskiego-podczas-ogolnopolskich-dozynek-na-jasnej-gorze\/\">gdy go s\u0142ucham, <\/a>to widz\u0119, \u017ce bez Komunii, bez modlitwy \u2013 zdziczejemy&#8230;<\/p>\n<p>Dlaczego Polska wie\u015b zbyt d\u0142ugo by\u0142a i zbyt d\u0142ugo wci\u0105\u017c jest krzywdzona ? Pyta\u0142 Biskup P\u0142ocki na <a href=\"http:\/\/www.diecezjaplocka.pl\/index.php?art_id=1505\">Diecezjalnych Do\u017cynkach. <\/a><\/p>\n<p>Warto wys\u0142ucha\u0107 nam, mieszka\u0144com w wi\u0119kszo\u015bci rolniczej parafii, tych s\u0142\u00f3w dzisiejszych Aposto\u0142\u00f3w. Bo w mediach, w sejmie, w rz\u0105dzie ich nie us\u0142yszymy&#8230;<\/p>\n<p>&nbsp;<\/p>\n","protected":false},"excerpt":{"rendered":"<p>&#8222;Wiejskie parafie to ma\u0142e nieba.&#8221; Tak napisa\u0142a pewna osoba w komentarzu pod jednym z pierwszych wpis\u00f3w dotycz\u0105cych parafii w Dulsku. (kiedy\u015b &#8211; 3 lata temu!- to ludziom chcia\u0142o si\u0119 jeszcze napisa\u0107 komentarz. Dzisiaj to nawet da\u0107 lajka wydaje si\u0119 by\u0107 nie lada wysi\u0142kiem&#8230;nasta\u0142y chyba mia\u0142kie czasy!). Wracaj\u0105c do my\u015bli wyra\u017conej w komentarzu, \u017ce mamy ma\u0142e [&hellip;]<\/p>\n","protected":false},"author":1,"featured_media":0,"comment_status":"open","ping_status":"closed","sticky":false,"template":"","format":"standard","meta":{"ngg_post_thumbnail":0},"categories":[1],"tags":[],"_links":{"self":[{"href":"http:\/\/umacieja.net\/blog\/index.php?rest_route=\/wp\/v2\/posts\/1452"}],"collection":[{"href":"http:\/\/umacieja.net\/blog\/index.php?rest_route=\/wp\/v2\/posts"}],"about":[{"href":"http:\/\/umacieja.net\/blog\/index.php?rest_route=\/wp\/v2\/types\/post"}],"author":[{"embeddable":true,"href":"http:\/\/umacieja.net\/blog\/index.php?rest_route=\/wp\/v2\/users\/1"}],"replies":[{"embeddable":true,"href":"http:\/\/umacieja.net\/blog\/index.php?rest_route=%2Fwp%2Fv2%2Fcomments&post=1452"}],"version-history":[{"count":0,"href":"http:\/\/umacieja.net\/blog\/index.php?rest_route=\/wp\/v2\/posts\/1452\/revisions"}],"wp:attachment":[{"href":"http:\/\/umacieja.net\/blog\/index.php?rest_route=%2Fwp%2Fv2%2Fmedia&parent=1452"}],"wp:term":[{"taxonomy":"category","embeddable":true,"href":"http:\/\/umacieja.net\/blog\/index.php?rest_route=%2Fwp%2Fv2%2Fcategories&post=1452"},{"taxonomy":"post_tag","embeddable":true,"href":"http:\/\/umacieja.net\/blog\/index.php?rest_route=%2Fwp%2Fv2%2Ftags&post=1452"}],"curies":[{"name":"wp","href":"https:\/\/api.w.org\/{rel}","templated":true}]}}