{"id":11,"date":"2007-10-02T14:03:38","date_gmt":"2007-10-02T13:03:38","guid":{"rendered":"http:\/\/www.xmj.livenet.pl\/blog\/?p=11"},"modified":"2011-03-09T14:06:30","modified_gmt":"2011-03-09T12:06:30","slug":"%e2%80%9ehic-jesus-christus-natus-est","status":"publish","type":"post","link":"http:\/\/umacieja.net\/blog\/?p=11","title":{"rendered":"&#8222;Hic Jesus Christus natus est&#8221;"},"content":{"rendered":"<p style=\"text-align: center\"><img decoding=\"async\" loading=\"lazy\" src=\"http:\/\/umacieja.net\/galeria\/albums\/userpics\/Ziemia_Swi%C4%99ta_07_696.jpg\" height=\"365\" width=\"490\" \/><\/p>\n<p class=\"MsoNormal\" style=\"margin: 5pt 0cm; text-align: justify; text-indent: 35.4pt\"><span style=\"font-size: 11pt\">Kolejny dzie\u0144 pielgrzymowania rozpocz\u0105\u0142em od <strong>Ein Karem<\/strong>. To m<\/span><span style=\"font-size: 11pt\">alownicza wie\u015b; po\u015br\u00f3d tarasowatych zboczy okolicznych wzg\u00f3rz wznosz\u0105 si\u0119 tu dwa ko\u015bcio\u0142y: upami\u0119tniaj\u0105ce miejsce narodzin Jana Chrzciciela i Ko\u015bci\u00f3\u0142 Nawiedzenia. Przed ko\u015bcio\u0142em Nawiedzenia umieszczono w murze tablice z tekstem Magnificat w ponad 40 j\u0119zykach. Odm\u00f3wili\u015bmy po polsku Magnificat.<o:p><\/o:p><\/span><\/p>\n<p class=\"MsoNormal\" style=\"margin: 5pt 0cm; text-align: justify; text-indent: 35.4pt\"><span style=\"font-size: 11pt\">Dalej pojechali\u015bmy do <strong>Yad Vashem <\/strong>&#8211; Instytutu Pami\u0119ci M\u0119czennik\u00f3w i Bohater\u00f3w Holocaustu<\/span><span style=\"font-size: 11pt\">. I tam te\u017c spotka\u0142em polskie \u015blady. Pomodli\u0142em si\u0119 za naszych braci pomordowanych w obozach.<o:p><\/o:p><\/span><\/p>\n<p class=\"MsoNormal\" style=\"margin: 5pt 0cm; text-align: justify; text-indent: 35.4pt\"><span style=\"font-size: 11pt\">Byli\u015bmy te\u017c niedaleko Knesetu pod s\u0142ynn\u0105 <strong>Menor\u0105<\/strong> &#8211; symbolem Judaizmu. <o:p><\/o:p><\/span><\/p>\n<p class=\"MsoNormal\" style=\"margin: 5pt 0cm; text-align: justify; text-indent: 35.4pt\"><span style=\"font-size: 11pt\">W Betlejem w ko\u015bciele \u015bw. Katarzyny odprawi\u0142em Msz\u0119 \u015bw. Zrobi\u0142o si\u0119 tak Bo\u017conarodzeniowo i rodzinnie, \u015bpiewali\u015bmy kol\u0119dy, po\u0142amali\u015bmy si\u0119 chlebem, wylosowali\u015bmy postaci z opowie\u015bci o Narodzeniu Jezusa wg Ewangelii \u0141k. I przezywali\u015bmy tajemnic\u0119 Wcielenia widzian\u0105 oczyma tych bohater\u00f3w. Ja wylosowa\u0142em ?pieluszki?. Ciekawe, bo przecie\u017c one by\u0142y najbli\u017cej Dzieci\u0105tka. Maryja &#8222;porodzi\u0142a swego pierworodnego Syna, owin\u0119\u0142a Go w<span>  <\/span><strong>pieluszk<\/strong>i i po\u0142o\u017cy\u0142a w \u017c\u0142obie&#8221;. To znak dla mnie! <o:p><\/o:p><\/span><\/p>\n<p class=\"MsoNormal\" style=\"margin: 5pt 0cm; text-align: justify; text-indent: 35.4pt\"><span style=\"font-size: 11pt\">Po Mszy \u015bw. poszli\u015bmy zwiedzi\u0107 Grot\u0119 \u015bw. Hieronima, kt\u00f3ry w IV wieku tam t\u0142umaczy\u0142 Bibli\u0119 na j\u0119zyk \u0142aci\u0144ski. Nast\u0119pnie udali\u015bmy si\u0119 do bazyliki Narodzenia i do <strong>Groty Narodzenia<\/strong>. Z dw\u00f3ch stron wielkiego ch\u00f3ru bazyliki schody prowadz\u0105 do Groty, przed o\u0142tarz Narodzenia, pod kt\u00f3rym znajduje si\u0119 gwiazda z wyryt\u0105 \u0142aci\u0144sk\u0105 inskrypcj\u0105: <strong>&#8222;Tu narodzi\u0142 si\u0119 z Maryi Dziewicy Jezus Chrystus&#8221;.<\/strong> Niewielkie to miejsce. Kszta\u0142t Groty odpowiada w przybli\u017ceniu prostok\u0105towi o <strong>d\u0142ugo\u015bci <st1:metricconverter productid=\"12,30 m\" w:st=\"on\">12,30 m<\/st1:metricconverter> i szeroko\u015bci <st1:metricconverter productid=\"3,5 m\" w:st=\"on\">3,5 m<\/st1:metricconverter>.<\/strong><o:p><\/o:p><\/span><\/p>\n<p class=\"MsoNormal\" style=\"margin: 5pt 0cm; text-align: justify; text-indent: 35.4pt\"><span style=\"font-size: 11pt\">W\u0142a\u015bnie ten napis: <strong>&#8222;Hic de Virgine Maria Jesus Christus natus est&#8221; <\/strong>dotyka niejako sedna geografii zbawienia&#8230; <strong><em>Hic<\/em>, tutaj&#8230;<\/strong> <o:p><\/o:p><\/span><\/p>\n<p class=\"MsoNormal\" style=\"margin: 5pt 0cm; text-align: justify; text-indent: 35.4pt\"><span style=\"font-size: 11pt\">Zaraz po wyj\u015bciu z Bazyliki us\u0142ysza\u0142em przera\u017aliwie g\u0142o\u015bne &#8222;kazanie&#8221; imama i nawo\u0142ywanie braci muzu\u0142man\u00f3w na modlitw\u0119 do meczetu stoj\u0105cego naprzeciw bazyliki Narodzenia. <o:p><\/o:p><\/span><\/p>\n<p class=\"MsoNormal\" style=\"margin: 5pt 0cm; text-align: justify; text-indent: 35.4pt\"><span style=\"font-size: 11pt\">Od 2006 roku Betlejem <span> <\/span>zosta\u0142o ca\u0142kowicie otoczone 8 metrowym, betonowym murem. Kontrole \u017co\u0142nierzy izraelskich przy wje\u017adzie i wyje\u017adzie z miasta<\/span><span style=\"font-size: 11pt\"><o:p><\/o:p><\/span><\/p>\n<p class=\"MsoNormal\" style=\"margin: 5pt 0cm; text-align: justify; text-indent: 35.4pt\"><span style=\"font-size: 11pt\">Chcia\u0142oby si\u0119 w tym &#8222;Domu Chleba&#8221; powt\u00f3rzy\u0107 za Janem Paw\u0142em II dramatyczne pytanie wypowiedziane tu w 2000r: <strong>&#8222;Gdzie jest to panowanie Ksi\u0119cia Pokoju?&#8221;<\/strong><o:p><\/o:p><\/span><\/p>\n<p class=\"MsoNormal\" style=\"margin: 5pt 0cm; text-align: justify; text-indent: 35.4pt\"><span style=\"font-size: 11pt\"><o:p> <\/o:p><\/span><\/p>\n<p class=\"MsoNormal\" style=\"margin: 5pt 0cm; text-align: justify; text-indent: 35.4pt\"><span style=\"font-size: 11pt\"><span> <\/span><o:p><\/o:p><\/span><\/p>\n<p class=\"MsoNormal\" style=\"text-align: justify; text-indent: 35.4pt\"><span style=\"font-size: 11pt\"><o:p> <\/o:p><\/span><\/p>\n<p class=\"MsoNormal\" style=\"text-align: justify\"><span style=\"font-size: 11pt\"><span> <\/span><o:p><\/o:p><\/span><\/p>\n<p class=\"MsoNormal\"><span style=\"font-size: 11pt\"><o:p> <\/o:p><\/span><\/p>\n","protected":false},"excerpt":{"rendered":"<p>Kolejny dzie\u0144 pielgrzymowania rozpocz\u0105\u0142em od Ein Karem. To malownicza wie\u015b; po\u015br\u00f3d tarasowatych zboczy okolicznych wzg\u00f3rz wznosz\u0105 si\u0119 tu dwa ko\u015bcio\u0142y: upami\u0119tniaj\u0105ce miejsce narodzin Jana Chrzciciela i Ko\u015bci\u00f3\u0142 Nawiedzenia. Przed ko\u015bcio\u0142em Nawiedzenia umieszczono w murze tablice z tekstem Magnificat w ponad 40 j\u0119zykach. Odm\u00f3wili\u015bmy po polsku Magnificat. Dalej pojechali\u015bmy do Yad Vashem &#8211; Instytutu Pami\u0119ci M\u0119czennik\u00f3w [&hellip;]<\/p>\n","protected":false},"author":1,"featured_media":0,"comment_status":"open","ping_status":"open","sticky":false,"template":"","format":"standard","meta":{"ngg_post_thumbnail":0},"categories":[1],"tags":[],"_links":{"self":[{"href":"http:\/\/umacieja.net\/blog\/index.php?rest_route=\/wp\/v2\/posts\/11"}],"collection":[{"href":"http:\/\/umacieja.net\/blog\/index.php?rest_route=\/wp\/v2\/posts"}],"about":[{"href":"http:\/\/umacieja.net\/blog\/index.php?rest_route=\/wp\/v2\/types\/post"}],"author":[{"embeddable":true,"href":"http:\/\/umacieja.net\/blog\/index.php?rest_route=\/wp\/v2\/users\/1"}],"replies":[{"embeddable":true,"href":"http:\/\/umacieja.net\/blog\/index.php?rest_route=%2Fwp%2Fv2%2Fcomments&post=11"}],"version-history":[{"count":0,"href":"http:\/\/umacieja.net\/blog\/index.php?rest_route=\/wp\/v2\/posts\/11\/revisions"}],"wp:attachment":[{"href":"http:\/\/umacieja.net\/blog\/index.php?rest_route=%2Fwp%2Fv2%2Fmedia&parent=11"}],"wp:term":[{"taxonomy":"category","embeddable":true,"href":"http:\/\/umacieja.net\/blog\/index.php?rest_route=%2Fwp%2Fv2%2Fcategories&post=11"},{"taxonomy":"post_tag","embeddable":true,"href":"http:\/\/umacieja.net\/blog\/index.php?rest_route=%2Fwp%2Fv2%2Ftags&post=11"}],"curies":[{"name":"wp","href":"https:\/\/api.w.org\/{rel}","templated":true}]}}